{"id":27584,"date":"2025-01-31T14:13:59","date_gmt":"2025-01-31T17:13:59","guid":{"rendered":"https:\/\/arayara.org\/?p=27584"},"modified":"2025-01-31T14:13:59","modified_gmt":"2025-01-31T17:13:59","slug":"lancamento-do-anuario-estadual-de-mudancas-climaticas-destaca-desafios-e-oportunidades-da-agenda-climatica-no-brasil","status":"publish","type":"post","link":"https:\/\/amazonclimatehub.org\/?p=27584","title":{"rendered":"Lan\u00e7amento do Anu\u00e1rio Estadual de Mudan\u00e7as Clim\u00e1ticas destaca desafios e oportunidades da agenda clim\u00e1tica no Brasil"},"content":{"rendered":"<h1><span style=\"font-weight: 400;\">O lan\u00e7amento do Anu\u00e1rio Estadual de Mudan\u00e7as Clim\u00e1ticas aconteceu na tarde de ontem (30), em Bras\u00edlia (DF), reunindo representantes da iniciativa privada, organiza\u00e7\u00f5es da sociedade civil e gestores estaduais e municipais. O evento teve como objetivo fomentar o debate p\u00fablico, compartilhar informa\u00e7\u00f5es setoriais e impulsionar metas clim\u00e1ticas nos estados brasileiros. Representantes do Instituto Internacional ARAYARA, maior ONG de litig\u00e2ncia clim\u00e1tica do Brasil, estiveram presentes no evento.<\/span><\/h1>\n<p><span style=\"font-weight: 400;\">Fruto de uma parceria entre o Centro Brasil no Clima (CBC) e o Instituto Clima e Sociedade (iCS), o anu\u00e1rio re\u00fane dados oficiais, relat\u00f3rios das secretarias estaduais, pesquisas acad\u00eamicas e outras publica\u00e7\u00f5es que fornecem um panorama abrangente sobre governan\u00e7a e financiamento clim\u00e1tico, emiss\u00f5es de gases de efeito estufa, produ\u00e7\u00e3o de energia, vulnerabilidades e medidas de adapta\u00e7\u00e3o \u00e0s mudan\u00e7as clim\u00e1ticas.\u00a0<\/span><\/p>\n<p><span style=\"font-weight: 400;\">Durante o evento, pain\u00e9is de discuss\u00e3o abordaram o papel dos estados no cumprimento das metas clim\u00e1ticas do Brasil, governan\u00e7a ambiental e a implementa\u00e7\u00e3o do mercado de carbono. Segundo os organizadores, a iniciativa visa fortalecer o engajamento dos estados na formula\u00e7\u00e3o de solu\u00e7\u00f5es sustent\u00e1veis e na efetiva\u00e7\u00e3o de pol\u00edticas p\u00fablicas de mitiga\u00e7\u00e3o e adapta\u00e7\u00e3o. A expectativa \u00e9 que o documento seja atualizado anualmente, fornecendo uma vis\u00e3o clara sobre os avan\u00e7os e desafios enfrentados pelo Brasil na luta contra as mudan\u00e7as clim\u00e1ticas.<\/span><\/p>\n<h4><b>Estados como agentes estrat\u00e9gicos<\/b><\/h4>\n<p><span style=\"font-weight: 400;\">O governador do Esp\u00edrito Santo, Renato Casagrande, ressaltou a import\u00e2ncia do anu\u00e1rio como uma verdadeira &#8220;radiografia&#8221; da situa\u00e7\u00e3o clim\u00e1tica dos estados, proporcionando uma an\u00e1lise mais aprofundada das a\u00e7\u00f5es em andamento. Ele destacou metas essenciais, como a redu\u00e7\u00e3o das emiss\u00f5es e o reflorestamento, al\u00e9m da necessidade de equipar os estados com ferramentas adequadas para viabilizar a implementa\u00e7\u00e3o dessas iniciativas.<\/span><\/p>\n<p><span style=\"font-weight: 400;\">Casagrande tamb\u00e9m mencionou iniciativas do estado do Esp\u00edrito Santo, como a cria\u00e7\u00e3o do Fundo Clima Capixaba, que direciona recursos provenientes do petr\u00f3leo e royalties para projetos de descarboniza\u00e7\u00e3o e transi\u00e7\u00e3o energ\u00e9tica. Al\u00e9m disso, defendeu a busca por fontes de financiamento pr\u00f3prias, reduzindo a depend\u00eancia de recursos externos.<\/span><\/p>\n<h4><b>Ministra Marina Silva: &#8220;A COP30 deve ser a confer\u00eancia da implementa\u00e7\u00e3o&#8221;<\/b><\/h4>\n<p><span style=\"font-weight: 400;\">A ministra do Meio Ambiente e Mudan\u00e7a do Clima, Marina Silva, enfatizou que a Confer\u00eancia do Clima (COP30), que acontecer\u00e1 no Brasil este ano, deve marcar a implementa\u00e7\u00e3o de medidas concretas no combate \u00e0 crise clim\u00e1tica. Para ela, \u00e9 fundamental estabelecer metas ambiciosas e promover uma mudan\u00e7a de mentalidade, garantindo que mitiga\u00e7\u00e3o e adapta\u00e7\u00e3o avancem de forma integrada.<\/span><\/p>\n<p><span style=\"font-weight: 400;\">Marina destacou a urg\u00eancia de a\u00e7\u00f5es efetivas, ressaltando que, embora o Brasil tenha assumido o compromisso de zerar o desmatamento at\u00e9 2030, essa medida, isoladamente, n\u00e3o ser\u00e1 suficiente. &#8220;Precisamos de um esfor\u00e7o conjunto entre governos, setor privado e sociedade civil para conter o aquecimento global e assegurar que a temperatura n\u00e3o ultrapasse 1,5\u00baC&#8221;, alertou.<\/span><\/p>\n<h4><b>Dados em destaque<\/b><\/h4>\n<p><span style=\"font-weight: 400;\">Dados do <a href=\"https:\/\/drive.google.com\/file\/d\/1Ec8X0MT0uIah5WIjB7Fv2WipMTdjJEal\/view\">Anu\u00e1rio Estadual de Mudan\u00e7as Clim\u00e1ticas<\/a> apresentado revelam desafios espec\u00edficos para cada estado. Em Santa Catarina, 85% da energia el\u00e9trica foi gerada por fontes renov\u00e1veis em 2023, sendo 76,6% proveniente de hidrel\u00e9tricas. No entanto, a prorroga\u00e7\u00e3o da explora\u00e7\u00e3o de carv\u00e3o at\u00e9 2040 e os subs\u00eddios federais ao setor s\u00e3o apontados como entraves para uma transi\u00e7\u00e3o energ\u00e9tica efetiva.<\/span><\/p>\n<p><span style=\"font-weight: 400;\">O documento tamb\u00e9m conclui que Santa Catarina e Rio Grande do Sul seguem como os estados que mais enfrentaram cat\u00e1strofes clim\u00e1ticas nos \u00faltimos anos. Entretanto, um <\/span><a href=\"https:\/\/arayara.org\/dados-revelam-baixa-participacao-das-prefeituras-gauchas-apenas-7-na-mobilizacao-da-etapa-municipal-da-5a-conferencia-nacional-do-meio-ambiente\/\"><span style=\"font-weight: 400;\">levantamento realizado neste m\u00eas<\/span><\/a><span style=\"font-weight: 400;\"> de janeiro pelo Instituto Internacional ARAYARA sobre as primeiras etapas da <\/span><a href=\"https:\/\/arayara.org\/conferencias-de-meio-ambiente\/\"><span style=\"font-weight: 400;\">5\u00aa Confer\u00eancia Nacional do Meio Ambiente<\/span><\/a><span style=\"font-weight: 400;\">\u00a0 revelou dados preocupantes sobre a participa\u00e7\u00e3o das prefeituras municipais. <\/span><\/p>\n<p><span style=\"font-weight: 400;\">De acordo com o cadastro no Portal Gov do Governo Federal no estado do Rio Grande do Sul, das 64 confer\u00eancias registradas, apenas 37 (trinta e sete) foram cadastradas pelas prefeituras, o que representa apenas 7,4% dos 497 munic\u00edpios ga\u00fachos.<\/span><\/p>\n<p><span style=\"font-weight: 400;\">\u201cMesmo sendo palco da maior trag\u00e9dia clim\u00e1tica do pa\u00eds, ocorrida em maio de 2024, as prefeituras municipais do RS n\u00e3o demonstraram interesse em colaborar para a constru\u00e7\u00e3o da 5\u00aa Confer\u00eancia Nacional do Meio Ambiente, nem da 5\u00aa Confer\u00eancia Estadual de Meio Ambiente do Rio Grande do Sul, marcada para os dias 11 e 12 de mar\u00e7o de 2025\u2033, destaca John Wurdig, engenheiro ambiental e gerente de Transi\u00e7\u00e3o Energ\u00e9tica da ARAYARA.\u00a0<\/span><\/p>\n<p><span style=\"font-weight: 400;\">Segundo W\u00fcrdig, essas inst\u00e2ncias municipais e estaduais da confer\u00eancia s\u00e3o oportunidade \u00fanicas para\u00a0 se avan\u00e7ar no debate sobre transi\u00e7\u00e3o energ\u00e9tica e justi\u00e7a clim\u00e1tica, de acordo com cada realidade.<\/span><\/p>\n<p><span style=\"font-weight: 400;\"> \u201c Diante desta realidade, a ARAYARA trabalhou ativamente para incluir essas localidades estrat\u00e9gicas em que as prefeituras n\u00e3o fizeram o chamamento para a confer\u00eancia municipal, caso contr\u00e1rio, muitos munic\u00edpios , que sofrem de forma intensa os problemas relacionados aos 5 eixos de discuss\u00e3o do evento, ficariam de fora desse debate t\u00e3o urgente.<\/span><\/p>\n<p><span style=\"font-weight: 400;\">A cria\u00e7\u00e3o de novas metas nacionais de redu\u00e7\u00e3o de emiss\u00f5es e o financiamento de iniciativas municipais de adapta\u00e7\u00e3o foram algumas das estrat\u00e9gias discutidas durante o lan\u00e7amento do anu\u00e1rio.<\/span><\/p>\n<h4><b>O Brasil e o protagonismo clim\u00e1tico global<\/b><\/h4>\n<p><span style=\"font-weight: 400;\">A COP30, a ser realizada em Bel\u00e9m, foi um dos temas centrais do evento. O embaixador Andr\u00e9 Corr\u00eaa do Lago, que recentemente foi nomeado para a presid\u00eancia da Confer\u00eancia,, destacou que o evento ser\u00e1 um momento crucial para o pa\u00eds demonstrar lideran\u00e7a global na agenda clim\u00e1tica. &#8220;A COP n\u00e3o \u00e9 da Amaz\u00f4nia e do Brasil, mas do mundo. No entanto, temos um papel essencial na constru\u00e7\u00e3o de solu\u00e7\u00f5es sustent\u00e1veis&#8221;, afirmou.<\/span><\/p>\n<p><span style=\"font-weight: 400;\">Segundo o embaixador, entre os principais desafios globais, est\u00e3o a necessidade de triplicar a gera\u00e7\u00e3o de energia renov\u00e1vel e dobrar a efici\u00eancia energ\u00e9tica. \u201cPara isso, o Brasil precisa garantir investimentos robustos e fortalecer a diplomacia clim\u00e1tica&#8221;, pontuou Corr\u00eaa.\u00a0<\/span><\/p>\n<p><span style=\"font-weight: 400;\">O diretor t\u00e9cnico da ARAYARA, Juliano Bueno de Ara\u00fajo, doutor em Riscos e Emerg\u00eancias Ambientais, alerta\u00a0 para o risco de o Brasil n\u00e3o conseguir alcan\u00e7ar suas metas clim\u00e1ticas nas NDCs, caso n\u00e3o mude as pol\u00edticas atuais. \u201cAs a\u00e7\u00f5es implementadas at\u00e9 o momento s\u00e3o consideradas insuficientes e a transi\u00e7\u00e3o para uma economia sustent\u00e1vel est\u00e1 lenta. Sem uma revis\u00e3o e intensifica\u00e7\u00e3o das estrat\u00e9gias, comprometemos o futuro ambiental e a nossa posi\u00e7\u00e3o no combate \u00e0s mudan\u00e7as clim\u00e1ticas\u201d, destacou Ara\u00fajo.<\/span><\/p>\n<h4><b>Climate Scanner<\/b><\/h4>\n<p><span style=\"font-weight: 400;\">Carlos Eduardo Lustosa, auditor federal do Tribunal de Contas da Uni\u00e3o (TCU) durante sua participa\u00e7\u00e3o no painel, ressaltou a import\u00e2ncia de olhar as mudan\u00e7as clim\u00e1ticas como tema transversal. \u201cOs Tribunais de Contas desempenham um papel fundamental na avalia\u00e7\u00e3o de pol\u00edticas p\u00fablicas, e a crise clim\u00e1tica exige um esfor\u00e7o coletivo para enfrentar esse desafio. Cada institui\u00e7\u00e3o tem sua responsabilidade, e os Tribunais podem contribuir significativamente nesse processo&#8221;, afirmou.<\/span><\/p>\n<p><span style=\"font-weight: 400;\">Lustosa tamb\u00e9m destacou o projeto <\/span><a href=\"https:\/\/sites.tcu.gov.br\/climatescanner\/\"><i><span style=\"font-weight: 400;\">Climate Scanner<\/span><\/i><\/a><span style=\"font-weight: 400;\">, que envolve Tribunais de Contas de diversos pa\u00edses e j\u00e1 conta com a ades\u00e3o de 141 na\u00e7\u00f5es. Sua metodologia permite diagnosticar como diferentes governos est\u00e3o lidando com a crise clim\u00e1tica, analisando governan\u00e7a, financiamento e mitiga\u00e7\u00e3o.<\/span><\/p>\n<p><span style=\"font-weight: 400;\">Segundo o auditor, no Brasil, o Tribunal de Contas da Uni\u00e3o (TCU) adaptar\u00e1 essa metodologia ao contexto nacional, avaliando os estados brasileiros. Os resultados desse diagn\u00f3stico, baseados nos dados coletados, ser\u00e3o apresentados na COP30.<\/span><\/p>\n<p><span style=\"font-weight: 400;\">Para Juliana Marcussi, da organiza\u00e7\u00e3o La Clima, o caminho para um mercado de carbono eficiente passa pela valoriza\u00e7\u00e3o e aprimoramento das pol\u00edticas j\u00e1 existentes. Ela destaca a import\u00e2ncia da harmonia regulat\u00f3ria entre Uni\u00e3o e munic\u00edpios, bem como da integra\u00e7\u00e3o com outras pol\u00edticas p\u00fablicas relacionadas ao tema.<\/span><\/p>\n<p><span style=\"font-weight: 400;\">&#8220;A prioridade deve ser garantir a integridade ambiental e adotar solu\u00e7\u00f5es multifacetadas e multidisciplinares&#8221;, afirmou. Segundo Juliana, \u00e9 fundamental combater o desmatamento e implementar plenamente a legisla\u00e7\u00e3o ambiental, que \u00e9 motivo de orgulho para o Brasil.<\/span><\/p>\n<p><span style=\"font-weight: 400;\">Outro ponto essencial \u00e9 o engajamento dos <\/span><i><span style=\"font-weight: 400;\">stakeholders<\/span><\/i><span style=\"font-weight: 400;\">, assegurando equidade no processo, especialmente para os povos tradicionais, que devem ser protagonistas nas discuss\u00f5es. &#8220;As salvaguardas socioambientais precisam ser respeitadas para garantir justi\u00e7a clim\u00e1tica e sustentabilidade de longo prazo&#8221;, concluiu.<\/span><\/p>\n<h4><b>Mais engajamento e participa\u00e7\u00e3o social<\/b><\/h4>\n<p><span style=\"font-weight: 400;\">O diretor da ARAYARA destaca que o enfrentamento da crise clim\u00e1tica exige engajamento local e a participa\u00e7\u00e3o ativa de toda a sociedade.<\/span><\/p>\n<p><span style=\"font-weight: 400;\">\u201cEm setembro de 2024, a ARAYARA foi eleita segunda suplente no <\/span><a href=\"https:\/\/arayara.org\/apos-18-meses-inoperante-o-conselho-nacional-de-recursos-hidricos-cnrh-empossa-novos-integrantes\/\"><span style=\"font-weight: 400;\">Conselho Nacional de Recursos H\u00eddricos (CNRH)<\/span><\/a><span style=\"font-weight: 400;\">. O CNRH \u00e9 composto por 50 membros, incluindo representantes do Governo Federal (Minist\u00e9rios), Conselhos Estaduais e Distrital de Recursos H\u00eddricos, setores usu\u00e1rios e organiza\u00e7\u00f5es civis. Apenas uma vaga \u00e9 destinada \u00e0 sociedade civil, representada por tr\u00eas entidades: uma titular e duas suplentes\u201d, pontuou.<\/span><\/p>\n<p><span style=\"font-weight: 400;\">Ara\u00fajo ressalta que a gest\u00e3o dos recursos h\u00eddricos do Brasil est\u00e1 concentrada nas m\u00e3os de aproximadamente 130 pessoas, das quais apenas tr\u00eas representam a sociedade civil.<\/span><\/p>\n<p><span style=\"font-weight: 400;\">\u201cNeste m\u00eas de janeiro, concentramos esfor\u00e7os para ampliar a participa\u00e7\u00e3o de munic\u00edpios na 5\u00aa Confer\u00eancia Nacional do Meio Ambiente, j\u00e1 que muitas prefeituras n\u00e3o convocaram representantes de localidades estrat\u00e9gicas &#8211; regi\u00f5es que enfrentam, de forma intensa, os desafios abordados nos cinco eixos da confer\u00eancia, como as \u00e1reas carbon\u00edferas do sul do Brasil&#8221;, completou Ara\u00fajo.<\/span><\/p>\n","protected":false},"excerpt":{"rendered":"<p>O lan\u00e7amento do Anu\u00e1rio Estadual de Mudan\u00e7as Clim\u00e1ticas aconteceu na tarde de ontem (30), em Bras\u00edlia (DF), reunindo representantes da iniciativa privada, organiza\u00e7\u00f5es da sociedade civil e gestores estaduais e municipais. O evento teve como objetivo fomentar o debate p\u00fablico,&#8230;<\/p>\n","protected":false},"author":8,"featured_media":27585,"comment_status":"open","ping_status":"closed","sticky":false,"template":"epic_custom_post_template-25587","format":"standard","meta":{"_eb_attr":"","_themeisle_gutenberg_block_has_review":false,"footnotes":""},"categories":[271],"tags":[273,299,300,301,302,303,304,281,305,306,283,307,308,309,310,311,289,312,313,314,315,316],"class_list":["post-27584","post","type-post","status-publish","format-standard","has-post-thumbnail","hentry","category-cop30","tag-5a-conferencia-nacional-do-meio-ambiente","tag-acordo-de-paris","tag-aquecimento-dos-oceanos","tag-aquecimento-global","tag-aumento-de-temperatura","tag-climate-scanner","tag-cnrh","tag-conferencia-cop30","tag-dados","tag-decarbonizacao","tag-defesa-do-meio-ambiente","tag-enchentes-no-rio-grande-do-sul","tag-forum-de-mudancas-climaticas-santa-catarina","tag-forum-gaucho-de-mudancas-climaticas","tag-ibama","tag-luta-por-justica-climatica","tag-mudancas-climaticas","tag-mudancas-sustentaveis","tag-rio-grande-do-sul","tag-santa-catarina","tag-tragedia-ambiental","tag-transicao-energetica"],"yoast_head":"<!-- This site is optimized with the Yoast SEO plugin v26.2 - https:\/\/yoast.com\/wordpress\/plugins\/seo\/ -->\n<title>Lan\u00e7amento do Anu\u00e1rio Estadual de Mudan\u00e7as Clim\u00e1ticas destaca desafios e oportunidades da agenda clim\u00e1tica no Brasil - Amazon Climate Hub<\/title>\n<meta name=\"description\" content=\"O lan\u00e7amento do Anu\u00e1rio Estadual de Mudan\u00e7as Clim\u00e1ticas aconteceu na tarde de hoje (30), em Bras\u00edlia (DF), reunindo representantes da iniciativa privada, organiza\u00e7\u00f5es da sociedade civil e gestores estaduais e municipais. O evento teve como objetivo fomentar o debate p\u00fablico, compartilhar informa\u00e7\u00f5es setoriais e impulsionar metas clim\u00e1ticas nos estados brasileiros. Representantes do Instituto Internacional ARAYARA, maior ONG de litig\u00e2ncia clim\u00e1tica do Brasil, estiveram presentes no evento.\" \/>\n<meta name=\"robots\" content=\"index, follow, max-snippet:-1, max-image-preview:large, max-video-preview:-1\" \/>\n<link rel=\"canonical\" href=\"https:\/\/amazonclimatehub.org\/?p=27584\" \/>\n<meta property=\"og:locale\" content=\"pt_BR\" \/>\n<meta property=\"og:type\" content=\"article\" \/>\n<meta property=\"og:title\" content=\"Lan\u00e7amento do Anu\u00e1rio Estadual de Mudan\u00e7as Clim\u00e1ticas destaca desafios e oportunidades da agenda clim\u00e1tica no Brasil - Amazon Climate Hub\" \/>\n<meta property=\"og:description\" content=\"O lan\u00e7amento do Anu\u00e1rio Estadual de Mudan\u00e7as Clim\u00e1ticas aconteceu na tarde de hoje (30), em Bras\u00edlia (DF), reunindo representantes da iniciativa privada, organiza\u00e7\u00f5es da sociedade civil e gestores estaduais e municipais. O evento teve como objetivo fomentar o debate p\u00fablico, compartilhar informa\u00e7\u00f5es setoriais e impulsionar metas clim\u00e1ticas nos estados brasileiros. Representantes do Instituto Internacional ARAYARA, maior ONG de litig\u00e2ncia clim\u00e1tica do Brasil, estiveram presentes no evento.\" \/>\n<meta property=\"og:url\" content=\"https:\/\/amazonclimatehub.org\/?p=27584\" \/>\n<meta property=\"og:site_name\" content=\"Amazon Climate Hub\" \/>\n<meta property=\"article:publisher\" content=\"https:\/\/www.facebook.com\/arayaraoficial\" \/>\n<meta property=\"article:published_time\" content=\"2025-01-31T17:13:59+00:00\" \/>\n<meta name=\"author\" content=\"Nivia Cerqueira\" \/>\n<meta name=\"twitter:card\" content=\"summary_large_image\" \/>\n<meta name=\"twitter:creator\" content=\"@arayaraoficial\" \/>\n<meta name=\"twitter:site\" content=\"@arayaraoficial\" \/>\n<meta name=\"twitter:label1\" content=\"Escrito por\" \/>\n\t<meta name=\"twitter:data1\" content=\"Nivia Cerqueira\" \/>\n\t<meta name=\"twitter:label2\" content=\"Est. tempo de leitura\" \/>\n\t<meta name=\"twitter:data2\" content=\"8 minutos\" \/>\n<script type=\"application\/ld+json\" class=\"yoast-schema-graph\">{\"@context\":\"https:\/\/schema.org\",\"@graph\":[{\"@type\":\"Article\",\"@id\":\"https:\/\/amazonclimatehub.org\/?p=27584#article\",\"isPartOf\":{\"@id\":\"https:\/\/amazonclimatehub.org\/?p=27584\"},\"author\":{\"name\":\"Nivia Cerqueira\",\"@id\":\"https:\/\/amazonclimatehub.org\/#\/schema\/person\/c9e0e08bee355119abf5e7788e4d8fba\"},\"headline\":\"Lan\u00e7amento do Anu\u00e1rio Estadual de Mudan\u00e7as Clim\u00e1ticas destaca desafios e oportunidades da agenda clim\u00e1tica no Brasil\",\"datePublished\":\"2025-01-31T17:13:59+00:00\",\"mainEntityOfPage\":{\"@id\":\"https:\/\/amazonclimatehub.org\/?p=27584\"},\"wordCount\":1615,\"commentCount\":0,\"publisher\":{\"@id\":\"https:\/\/amazonclimatehub.org\/#organization\"},\"image\":{\"@id\":\"https:\/\/amazonclimatehub.org\/?p=27584#primaryimage\"},\"thumbnailUrl\":\"\",\"keywords\":[\"5\u00aa Confer\u00eancia Nacional do Meio Ambiente\",\"Acordo de Paris\",\"aquecimento dos oceanos\",\"aquecimento global\",\"aumento de temperatura\",\"climate scanner\",\"cnrh\",\"confer\u00eancia COP30\",\"dados\",\"decarboniza\u00e7\u00e3o\",\"defesa do meio ambiente\",\"enchentes no Rio Grande do Sul\",\"F\u00f3rum de Mudan\u00e7as Clim\u00e1ticas Santa Catarina\",\"F\u00f3rum Ga\u00facho de Mudan\u00e7as Clim\u00e1ticas\",\"Ibama\",\"luta por justi\u00e7a clim\u00e1tica\",\"mudan\u00e7as clim\u00e1ticas\",\"Mudan\u00e7as sustent\u00e1veis\",\"Rio Grande do Sul\",\"Santa Catarina\",\"trag\u00e9dia ambiental\",\"transi\u00e7\u00e3o energ\u00e9tica\"],\"articleSection\":[\"COP30\"],\"inLanguage\":\"pt-BR\",\"potentialAction\":[{\"@type\":\"CommentAction\",\"name\":\"Comment\",\"target\":[\"https:\/\/amazonclimatehub.org\/?p=27584#respond\"]}]},{\"@type\":\"WebPage\",\"@id\":\"https:\/\/amazonclimatehub.org\/?p=27584\",\"url\":\"https:\/\/amazonclimatehub.org\/?p=27584\",\"name\":\"Lan\u00e7amento do Anu\u00e1rio Estadual de Mudan\u00e7as Clim\u00e1ticas destaca desafios e oportunidades da agenda clim\u00e1tica no Brasil - Amazon Climate Hub\",\"isPartOf\":{\"@id\":\"https:\/\/amazonclimatehub.org\/#website\"},\"primaryImageOfPage\":{\"@id\":\"https:\/\/amazonclimatehub.org\/?p=27584#primaryimage\"},\"image\":{\"@id\":\"https:\/\/amazonclimatehub.org\/?p=27584#primaryimage\"},\"thumbnailUrl\":\"\",\"datePublished\":\"2025-01-31T17:13:59+00:00\",\"description\":\"O lan\u00e7amento do Anu\u00e1rio Estadual de Mudan\u00e7as Clim\u00e1ticas aconteceu na tarde de hoje (30), em Bras\u00edlia (DF), reunindo representantes da iniciativa privada, organiza\u00e7\u00f5es da sociedade civil e gestores estaduais e municipais. O evento teve como objetivo fomentar o debate p\u00fablico, compartilhar informa\u00e7\u00f5es setoriais e impulsionar metas clim\u00e1ticas nos estados brasileiros. Representantes do Instituto Internacional ARAYARA, maior ONG de litig\u00e2ncia clim\u00e1tica do Brasil, estiveram presentes no evento.\",\"breadcrumb\":{\"@id\":\"https:\/\/amazonclimatehub.org\/?p=27584#breadcrumb\"},\"inLanguage\":\"pt-BR\",\"potentialAction\":[{\"@type\":\"ReadAction\",\"target\":[\"https:\/\/amazonclimatehub.org\/?p=27584\"]}]},{\"@type\":\"ImageObject\",\"inLanguage\":\"pt-BR\",\"@id\":\"https:\/\/amazonclimatehub.org\/?p=27584#primaryimage\",\"url\":\"\",\"contentUrl\":\"\"},{\"@type\":\"BreadcrumbList\",\"@id\":\"https:\/\/amazonclimatehub.org\/?p=27584#breadcrumb\",\"itemListElement\":[{\"@type\":\"ListItem\",\"position\":1,\"name\":\"In\u00edcio\",\"item\":\"https:\/\/amazonclimatehub.org\/\"},{\"@type\":\"ListItem\",\"position\":2,\"name\":\"Lan\u00e7amento do Anu\u00e1rio Estadual de Mudan\u00e7as Clim\u00e1ticas destaca desafios e oportunidades da agenda clim\u00e1tica no Brasil\"}]},{\"@type\":\"WebSite\",\"@id\":\"https:\/\/amazonclimatehub.org\/#website\",\"url\":\"https:\/\/amazonclimatehub.org\/\",\"name\":\"Amazon Climate Hub\",\"description\":\"A Casa da ARAYARA na COP30\",\"publisher\":{\"@id\":\"https:\/\/amazonclimatehub.org\/#organization\"},\"potentialAction\":[{\"@type\":\"SearchAction\",\"target\":{\"@type\":\"EntryPoint\",\"urlTemplate\":\"https:\/\/amazonclimatehub.org\/?s={search_term_string}\"},\"query-input\":{\"@type\":\"PropertyValueSpecification\",\"valueRequired\":true,\"valueName\":\"search_term_string\"}}],\"inLanguage\":\"pt-BR\"},{\"@type\":\"Organization\",\"@id\":\"https:\/\/amazonclimatehub.org\/#organization\",\"name\":\"ARAYARA\",\"url\":\"https:\/\/amazonclimatehub.org\/\",\"logo\":{\"@type\":\"ImageObject\",\"inLanguage\":\"pt-BR\",\"@id\":\"https:\/\/amazonclimatehub.org\/#\/schema\/logo\/image\/\",\"url\":\"https:\/\/amazonclimatehub.org\/wp-content\/uploads\/2025\/08\/Logo-ARAYARA-AMAZON-CLIMATE-HUB-seo@150x-100-scaled.jpg\",\"contentUrl\":\"https:\/\/amazonclimatehub.org\/wp-content\/uploads\/2025\/08\/Logo-ARAYARA-AMAZON-CLIMATE-HUB-seo@150x-100-scaled.jpg\",\"width\":2560,\"height\":1440,\"caption\":\"ARAYARA\"},\"image\":{\"@id\":\"https:\/\/amazonclimatehub.org\/#\/schema\/logo\/image\/\"},\"sameAs\":[\"https:\/\/www.facebook.com\/arayaraoficial\",\"https:\/\/x.com\/arayaraoficial\",\"https:\/\/www.instagram.com\/arayaraoficial\/\",\"https:\/\/www.youtube.com\/@ArayaraOficial\",\"https:\/\/www.linkedin.com\/company\/instituto-internacional-arayara\/\"]},{\"@type\":\"Person\",\"@id\":\"https:\/\/amazonclimatehub.org\/#\/schema\/person\/c9e0e08bee355119abf5e7788e4d8fba\",\"name\":\"Nivia Cerqueira\",\"image\":{\"@type\":\"ImageObject\",\"inLanguage\":\"pt-BR\",\"@id\":\"https:\/\/amazonclimatehub.org\/#\/schema\/person\/image\/\",\"url\":\"https:\/\/secure.gravatar.com\/avatar\/86b576a5601953f8a95750769820944ffe60db153215c1aa4cc529fe2da7d653?s=96&d=mm&r=g\",\"contentUrl\":\"https:\/\/secure.gravatar.com\/avatar\/86b576a5601953f8a95750769820944ffe60db153215c1aa4cc529fe2da7d653?s=96&d=mm&r=g\",\"caption\":\"Nivia Cerqueira\"},\"url\":\"https:\/\/amazonclimatehub.org\/?author=8\"}]}<\/script>\n<!-- \/ Yoast SEO plugin. -->","yoast_head_json":{"title":"Lan\u00e7amento do Anu\u00e1rio Estadual de Mudan\u00e7as Clim\u00e1ticas destaca desafios e oportunidades da agenda clim\u00e1tica no Brasil - Amazon Climate Hub","description":"O lan\u00e7amento do Anu\u00e1rio Estadual de Mudan\u00e7as Clim\u00e1ticas aconteceu na tarde de hoje (30), em Bras\u00edlia (DF), reunindo representantes da iniciativa privada, organiza\u00e7\u00f5es da sociedade civil e gestores estaduais e municipais. O evento teve como objetivo fomentar o debate p\u00fablico, compartilhar informa\u00e7\u00f5es setoriais e impulsionar metas clim\u00e1ticas nos estados brasileiros. Representantes do Instituto Internacional ARAYARA, maior ONG de litig\u00e2ncia clim\u00e1tica do Brasil, estiveram presentes no evento.","robots":{"index":"index","follow":"follow","max-snippet":"max-snippet:-1","max-image-preview":"max-image-preview:large","max-video-preview":"max-video-preview:-1"},"canonical":"https:\/\/amazonclimatehub.org\/?p=27584","og_locale":"pt_BR","og_type":"article","og_title":"Lan\u00e7amento do Anu\u00e1rio Estadual de Mudan\u00e7as Clim\u00e1ticas destaca desafios e oportunidades da agenda clim\u00e1tica no Brasil - Amazon Climate Hub","og_description":"O lan\u00e7amento do Anu\u00e1rio Estadual de Mudan\u00e7as Clim\u00e1ticas aconteceu na tarde de hoje (30), em Bras\u00edlia (DF), reunindo representantes da iniciativa privada, organiza\u00e7\u00f5es da sociedade civil e gestores estaduais e municipais. O evento teve como objetivo fomentar o debate p\u00fablico, compartilhar informa\u00e7\u00f5es setoriais e impulsionar metas clim\u00e1ticas nos estados brasileiros. Representantes do Instituto Internacional ARAYARA, maior ONG de litig\u00e2ncia clim\u00e1tica do Brasil, estiveram presentes no evento.","og_url":"https:\/\/amazonclimatehub.org\/?p=27584","og_site_name":"Amazon Climate Hub","article_publisher":"https:\/\/www.facebook.com\/arayaraoficial","article_published_time":"2025-01-31T17:13:59+00:00","author":"Nivia Cerqueira","twitter_card":"summary_large_image","twitter_creator":"@arayaraoficial","twitter_site":"@arayaraoficial","twitter_misc":{"Escrito por":"Nivia Cerqueira","Est. tempo de leitura":"8 minutos"},"schema":{"@context":"https:\/\/schema.org","@graph":[{"@type":"Article","@id":"https:\/\/amazonclimatehub.org\/?p=27584#article","isPartOf":{"@id":"https:\/\/amazonclimatehub.org\/?p=27584"},"author":{"name":"Nivia Cerqueira","@id":"https:\/\/amazonclimatehub.org\/#\/schema\/person\/c9e0e08bee355119abf5e7788e4d8fba"},"headline":"Lan\u00e7amento do Anu\u00e1rio Estadual de Mudan\u00e7as Clim\u00e1ticas destaca desafios e oportunidades da agenda clim\u00e1tica no Brasil","datePublished":"2025-01-31T17:13:59+00:00","mainEntityOfPage":{"@id":"https:\/\/amazonclimatehub.org\/?p=27584"},"wordCount":1615,"commentCount":0,"publisher":{"@id":"https:\/\/amazonclimatehub.org\/#organization"},"image":{"@id":"https:\/\/amazonclimatehub.org\/?p=27584#primaryimage"},"thumbnailUrl":"","keywords":["5\u00aa Confer\u00eancia Nacional do Meio Ambiente","Acordo de Paris","aquecimento dos oceanos","aquecimento global","aumento de temperatura","climate scanner","cnrh","confer\u00eancia COP30","dados","decarboniza\u00e7\u00e3o","defesa do meio ambiente","enchentes no Rio Grande do Sul","F\u00f3rum de Mudan\u00e7as Clim\u00e1ticas Santa Catarina","F\u00f3rum Ga\u00facho de Mudan\u00e7as Clim\u00e1ticas","Ibama","luta por justi\u00e7a clim\u00e1tica","mudan\u00e7as clim\u00e1ticas","Mudan\u00e7as sustent\u00e1veis","Rio Grande do Sul","Santa Catarina","trag\u00e9dia ambiental","transi\u00e7\u00e3o energ\u00e9tica"],"articleSection":["COP30"],"inLanguage":"pt-BR","potentialAction":[{"@type":"CommentAction","name":"Comment","target":["https:\/\/amazonclimatehub.org\/?p=27584#respond"]}]},{"@type":"WebPage","@id":"https:\/\/amazonclimatehub.org\/?p=27584","url":"https:\/\/amazonclimatehub.org\/?p=27584","name":"Lan\u00e7amento do Anu\u00e1rio Estadual de Mudan\u00e7as Clim\u00e1ticas destaca desafios e oportunidades da agenda clim\u00e1tica no Brasil - Amazon Climate Hub","isPartOf":{"@id":"https:\/\/amazonclimatehub.org\/#website"},"primaryImageOfPage":{"@id":"https:\/\/amazonclimatehub.org\/?p=27584#primaryimage"},"image":{"@id":"https:\/\/amazonclimatehub.org\/?p=27584#primaryimage"},"thumbnailUrl":"","datePublished":"2025-01-31T17:13:59+00:00","description":"O lan\u00e7amento do Anu\u00e1rio Estadual de Mudan\u00e7as Clim\u00e1ticas aconteceu na tarde de hoje (30), em Bras\u00edlia (DF), reunindo representantes da iniciativa privada, organiza\u00e7\u00f5es da sociedade civil e gestores estaduais e municipais. O evento teve como objetivo fomentar o debate p\u00fablico, compartilhar informa\u00e7\u00f5es setoriais e impulsionar metas clim\u00e1ticas nos estados brasileiros. Representantes do Instituto Internacional ARAYARA, maior ONG de litig\u00e2ncia clim\u00e1tica do Brasil, estiveram presentes no evento.","breadcrumb":{"@id":"https:\/\/amazonclimatehub.org\/?p=27584#breadcrumb"},"inLanguage":"pt-BR","potentialAction":[{"@type":"ReadAction","target":["https:\/\/amazonclimatehub.org\/?p=27584"]}]},{"@type":"ImageObject","inLanguage":"pt-BR","@id":"https:\/\/amazonclimatehub.org\/?p=27584#primaryimage","url":"","contentUrl":""},{"@type":"BreadcrumbList","@id":"https:\/\/amazonclimatehub.org\/?p=27584#breadcrumb","itemListElement":[{"@type":"ListItem","position":1,"name":"In\u00edcio","item":"https:\/\/amazonclimatehub.org\/"},{"@type":"ListItem","position":2,"name":"Lan\u00e7amento do Anu\u00e1rio Estadual de Mudan\u00e7as Clim\u00e1ticas destaca desafios e oportunidades da agenda clim\u00e1tica no Brasil"}]},{"@type":"WebSite","@id":"https:\/\/amazonclimatehub.org\/#website","url":"https:\/\/amazonclimatehub.org\/","name":"Amazon Climate Hub","description":"A Casa da ARAYARA na COP30","publisher":{"@id":"https:\/\/amazonclimatehub.org\/#organization"},"potentialAction":[{"@type":"SearchAction","target":{"@type":"EntryPoint","urlTemplate":"https:\/\/amazonclimatehub.org\/?s={search_term_string}"},"query-input":{"@type":"PropertyValueSpecification","valueRequired":true,"valueName":"search_term_string"}}],"inLanguage":"pt-BR"},{"@type":"Organization","@id":"https:\/\/amazonclimatehub.org\/#organization","name":"ARAYARA","url":"https:\/\/amazonclimatehub.org\/","logo":{"@type":"ImageObject","inLanguage":"pt-BR","@id":"https:\/\/amazonclimatehub.org\/#\/schema\/logo\/image\/","url":"https:\/\/amazonclimatehub.org\/wp-content\/uploads\/2025\/08\/Logo-ARAYARA-AMAZON-CLIMATE-HUB-seo@150x-100-scaled.jpg","contentUrl":"https:\/\/amazonclimatehub.org\/wp-content\/uploads\/2025\/08\/Logo-ARAYARA-AMAZON-CLIMATE-HUB-seo@150x-100-scaled.jpg","width":2560,"height":1440,"caption":"ARAYARA"},"image":{"@id":"https:\/\/amazonclimatehub.org\/#\/schema\/logo\/image\/"},"sameAs":["https:\/\/www.facebook.com\/arayaraoficial","https:\/\/x.com\/arayaraoficial","https:\/\/www.instagram.com\/arayaraoficial\/","https:\/\/www.youtube.com\/@ArayaraOficial","https:\/\/www.linkedin.com\/company\/instituto-internacional-arayara\/"]},{"@type":"Person","@id":"https:\/\/amazonclimatehub.org\/#\/schema\/person\/c9e0e08bee355119abf5e7788e4d8fba","name":"Nivia Cerqueira","image":{"@type":"ImageObject","inLanguage":"pt-BR","@id":"https:\/\/amazonclimatehub.org\/#\/schema\/person\/image\/","url":"https:\/\/secure.gravatar.com\/avatar\/86b576a5601953f8a95750769820944ffe60db153215c1aa4cc529fe2da7d653?s=96&d=mm&r=g","contentUrl":"https:\/\/secure.gravatar.com\/avatar\/86b576a5601953f8a95750769820944ffe60db153215c1aa4cc529fe2da7d653?s=96&d=mm&r=g","caption":"Nivia Cerqueira"},"url":"https:\/\/amazonclimatehub.org\/?author=8"}]}},"_links":{"self":[{"href":"https:\/\/amazonclimatehub.org\/index.php?rest_route=\/wp\/v2\/posts\/27584","targetHints":{"allow":["GET"]}}],"collection":[{"href":"https:\/\/amazonclimatehub.org\/index.php?rest_route=\/wp\/v2\/posts"}],"about":[{"href":"https:\/\/amazonclimatehub.org\/index.php?rest_route=\/wp\/v2\/types\/post"}],"author":[{"embeddable":true,"href":"https:\/\/amazonclimatehub.org\/index.php?rest_route=\/wp\/v2\/users\/8"}],"replies":[{"embeddable":true,"href":"https:\/\/amazonclimatehub.org\/index.php?rest_route=%2Fwp%2Fv2%2Fcomments&post=27584"}],"version-history":[{"count":0,"href":"https:\/\/amazonclimatehub.org\/index.php?rest_route=\/wp\/v2\/posts\/27584\/revisions"}],"wp:featuredmedia":[{"embeddable":true,"href":"https:\/\/amazonclimatehub.org\/index.php?rest_route=\/"}],"wp:attachment":[{"href":"https:\/\/amazonclimatehub.org\/index.php?rest_route=%2Fwp%2Fv2%2Fmedia&parent=27584"}],"wp:term":[{"taxonomy":"category","embeddable":true,"href":"https:\/\/amazonclimatehub.org\/index.php?rest_route=%2Fwp%2Fv2%2Fcategories&post=27584"},{"taxonomy":"post_tag","embeddable":true,"href":"https:\/\/amazonclimatehub.org\/index.php?rest_route=%2Fwp%2Fv2%2Ftags&post=27584"}],"curies":[{"name":"wp","href":"https:\/\/api.w.org\/{rel}","templated":true}]}}