{"id":28269,"date":"2025-03-21T11:53:26","date_gmt":"2025-03-21T14:53:26","guid":{"rendered":"https:\/\/arayara.org\/?p=28269"},"modified":"2025-03-21T11:53:26","modified_gmt":"2025-03-21T14:53:26","slug":"organizacoes-cobram-transparencia-e-combate-ao-lobby-do-petroleo-gas-e-carvao-mineral-na-cop30","status":"publish","type":"post","link":"https:\/\/amazonclimatehub.org\/?p=28269","title":{"rendered":"Organiza\u00e7\u00f5es cobram transpar\u00eancia e combate ao lobby do Petr\u00f3leo, G\u00e1s e Carv\u00e3o Mineral na COP30"},"content":{"rendered":"<h1><span style=\"font-weight: 400;\">Mais de 260 organiza\u00e7\u00f5es de diversos pa\u00edses divulgaram, na \u00faltima ter\u00e7a-feira (18), uma <a href=\"https:\/\/drive.google.com\/file\/d\/1Eb-3O97YiS-TkICPkyh0KPML9brb-Ty7\/view\">carta<\/a> exigindo da presid\u00eancia da COP30 a ado\u00e7\u00e3o de medidas concretas para garantir transpar\u00eancia e conter a influ\u00eancia indevida do lobby dos combust\u00edveis f\u00f3sseis e do agroneg\u00f3cio nas discuss\u00f5es da confer\u00eancia. Em meio a um cen\u00e1rio global de crise clim\u00e1tica, o documento destaca a necessidade de impedir que esses setores continuem a travar a transi\u00e7\u00e3o energ\u00e9tica mundial.<\/span><\/h1>\n<p><span style=\"font-weight: 400;\">A press\u00e3o sobre a presid\u00eancia da COP30, que ser\u00e1 realizada em Bel\u00e9m (PA) em novembro, se intensificou ap\u00f3s a divulga\u00e7\u00e3o da primeira carta oficial do embaixador Andr\u00e9 Corr\u00eaa do Lago, escolhido pelo presidente Lula para liderar o evento. No documento de 11 p\u00e1ginas, que trata das emerg\u00eancias clim\u00e1ticas, a express\u00e3o &#8220;combust\u00edveis f\u00f3sseis&#8221; foi mencionada apenas uma vez, o que gerou cr\u00edticas de ambientalistas e especialistas da \u00e1rea.<\/span><\/p>\n<h4><b>Contradi\u00e7\u00f5es pol\u00edticas<\/b><\/h4>\n<p><span style=\"font-weight: 400;\">A preocupa\u00e7\u00e3o com o posicionamento do Brasil com a pol\u00edtica de transi\u00e7\u00e3o energ\u00e9tica n\u00e3o \u00e9 recente. Em fevereiro, o presidente Lula criticou a demora do Ibama em autorizar estudos sobre a explora\u00e7\u00e3o de petr\u00f3leo na Foz do Rio Amazonas, classificando a resist\u00eancia do \u00f3rg\u00e3o ambiental como &#8220;lenga-lenga&#8221;. A declara\u00e7\u00e3o gerou pol\u00eamica e refor\u00e7ou a percep\u00e7\u00e3o de um descompasso entre o discurso oficial e as a\u00e7\u00f5es do governo em rela\u00e7\u00e3o \u00e0 agenda clim\u00e1tica.<\/span><\/p>\n<p><span style=\"font-weight: 400;\">Em contraponto, a ministra do Meio Ambiente e Mudan\u00e7a do Clima, Marina Silva, defendeu um &#8220;balan\u00e7o \u00e9tico&#8221; para a COP30. Durante a confer\u00eancia global da Coaliz\u00e3o Clima e Ar Limpo (CCAC), realizada em Bras\u00edlia esta semana, a ministra destacou a necessidade de um plano para eliminar progressivamente os combust\u00edveis f\u00f3sseis e mobilizar US$1,3 trilh\u00e3o em financiamento clim\u00e1tico, especialmente para pa\u00edses mais vulner\u00e1veis.<\/span><\/p>\n<h4><b>Cr\u00edticas ao lobby dos combust\u00edveis f\u00f3sseis<\/b><\/h4>\n<p><span style=\"font-weight: 400;\">Para organiza\u00e7\u00f5es ambientais, a presen\u00e7a de lobistas da ind\u00fastria do petr\u00f3leo nas negocia\u00e7\u00f5es clim\u00e1ticas tem sido um dos principais entraves \u00e0 implementa\u00e7\u00e3o de pol\u00edticas eficazes para a transi\u00e7\u00e3o energ\u00e9tica.<\/span><\/p>\n<p><span style=\"font-weight: 400;\">&#8220;A interfer\u00eancia desse setor nas discuss\u00f5es da COP n\u00e3o \u00e9 novidade e tem um objetivo claro: ganhar tempo para expandir novas fronteiras de explora\u00e7\u00e3o. A COP29 teve o maior n\u00famero de lobistas desse setor j\u00e1 registrado, e a COP30 n\u00e3o pode ser mais um palco para essa agenda&#8221;, afirmou Nicole Figueiredo de Oliveira, diretora do Instituto Internacional ARAYARA.<\/span><\/p>\n<p><span style=\"font-weight: 400;\">A ARAYARA tamb\u00e9m alerta para os riscos de uma pol\u00edtica que privilegia a expans\u00e3o da ind\u00fastria petrol\u00edfera em detrimento de uma transi\u00e7\u00e3o energ\u00e9tica justa, limpa e sustent\u00e1vel. &#8220;O Brasil deveria estar liderando a descarboniza\u00e7\u00e3o da economia, e n\u00e3o incentivando ainda mais a depend\u00eancia dos combust\u00edveis f\u00f3sseis&#8221;, criticou Figueiredo.<\/span><\/p>\n<h4><b>Povos tradicionais exigem protagonismo<\/b><\/h4>\n<p><span style=\"font-weight: 400;\">Outro ponto de tens\u00e3o nas discuss\u00f5es da COP30 \u00e9 a necessidade de garantir maior representatividade para povos ind\u00edgenas e comunidades tradicionais. Para Sara Ribeiro, gerente de Rela\u00e7\u00f5es Institucionais da ARAYARA, \u00e9 fundamental que esses povos tenham um papel de destaque na confer\u00eancia.<\/span><\/p>\n<p><span style=\"font-weight: 400;\">&#8220;Eles s\u00e3o os verdadeiros guardi\u00f5es das florestas, manguezais, rios e corais, e seu protagonismo \u00e9 essencial para garantir que as decis\u00f5es tomadas na confer\u00eancia estejam alinhadas com a preserva\u00e7\u00e3o ambiental&#8221;, afirmou. Segundo ela, a falta de reconhecimento e empoderamento dessas comunidades compromete a efetividade do evento.<\/span><\/p>\n<h4><b>Expectativas para a COP30<\/b><\/h4>\n<p><span style=\"font-weight: 400;\">Com a press\u00e3o crescente de grupos ambientais, lideran\u00e7as ind\u00edgenas e especialistas em clima, a expectativa \u00e9 que a confer\u00eancia seja um marco na luta por solu\u00e7\u00f5es concretas para a crise clim\u00e1tica. No entanto, ativistas alertam que o sucesso da confer\u00eancia depender\u00e1 da postura do Brasil e do compromisso real do governo em combater a influ\u00eancia dos setores que freiam a transi\u00e7\u00e3o energ\u00e9tica.<\/span><\/p>\n<p><span style=\"font-weight: 400;\">&#8220;A COP30 \u00e9 a maior oportunidade que temos para colocar a justi\u00e7a clim\u00e1tica no centro das decis\u00f5es. Essa carta assinada por 260 organiza\u00e7\u00f5es refor\u00e7a a necessidade de o Brasil assumir uma posi\u00e7\u00e3o de lideran\u00e7a e mostrar que est\u00e1 comprometido com um futuro sustent\u00e1vel para todos&#8221;, concluiu Figueiredo.<\/span><\/p>\n<p>Foto: reprodu\u00e7\u00e3o \/ Creative Commons<\/p>\n","protected":false},"excerpt":{"rendered":"<p>Mais de 260 organiza\u00e7\u00f5es de diversos pa\u00edses divulgaram, na \u00faltima ter\u00e7a-feira (18), uma carta exigindo da presid\u00eancia da COP30 a ado\u00e7\u00e3o de medidas concretas para garantir transpar\u00eancia e conter a influ\u00eancia indevida do lobby dos combust\u00edveis f\u00f3sseis e do agroneg\u00f3cio&#8230;<\/p>\n","protected":false},"author":8,"featured_media":28277,"comment_status":"open","ping_status":"closed","sticky":false,"template":"epic_custom_post_template-25587","format":"standard","meta":{"_eb_attr":"","_themeisle_gutenberg_block_has_review":false,"footnotes":""},"categories":[271],"tags":[317,363,301,372,320,373,256,374,375,376,377,378,379,380,368,356,381,357,382,383,384,385,289,386,361,371],"class_list":["post-28269","post","type-post","status-publish","format-standard","has-post-thumbnail","hentry","category-cop30","tag-amazonia","tag-anp","tag-aquecimento-global","tag-brasil","tag-combustiveis-fosseis","tag-conscientizacao","tag-cop-30","tag-cop29","tag-crise-climatica","tag-descarbonizacao","tag-embaixador-andre-correa-do-lago","tag-falhas-do-governo","tag-gases-de-efeito-estufa","tag-governanca-climatica","tag-impactos-climaticos","tag-impactos-socioambientais","tag-industria-de-petroleo-e-gas","tag-lobby","tag-mar-sem-petroleo","tag-maranhao","tag-marina-silva","tag-ministerio-de-meio-ambiente-e-mudanca-do-clima","tag-mudancas-climaticas","tag-povos-indigenas","tag-presidente-lula","tag-sustentabilidade"],"yoast_head":"<!-- This site is optimized with the Yoast SEO plugin v26.2 - https:\/\/yoast.com\/wordpress\/plugins\/seo\/ -->\n<title>Organiza\u00e7\u00f5es cobram transpar\u00eancia e combate ao lobby do Petr\u00f3leo, G\u00e1s e Carv\u00e3o Mineral na COP30 - Amazon Climate Hub<\/title>\n<meta name=\"description\" content=\"A press\u00e3o sobre a presid\u00eancia da COP30, que ser\u00e1 realizada em Bel\u00e9m (PA) em novembro, se intensificou ap\u00f3s a divulga\u00e7\u00e3o da primeira carta oficial do embaixador Andr\u00e9 Corr\u00eaa do Lago, escolhido pelo presidente Lula para liderar o evento. No documento de 11 p\u00e1ginas, que trata das emerg\u00eancias clim\u00e1ticas, a express\u00e3o &quot;combust\u00edveis f\u00f3sseis&quot; foi mencionada apenas uma vez, o que gerou cr\u00edticas de ambientalistas e especialistas da \u00e1rea.\" \/>\n<meta name=\"robots\" content=\"index, follow, max-snippet:-1, max-image-preview:large, max-video-preview:-1\" \/>\n<link rel=\"canonical\" href=\"https:\/\/amazonclimatehub.org\/?p=28269\" \/>\n<meta property=\"og:locale\" content=\"pt_BR\" \/>\n<meta property=\"og:type\" content=\"article\" \/>\n<meta property=\"og:title\" content=\"Organiza\u00e7\u00f5es cobram transpar\u00eancia e combate ao lobby do Petr\u00f3leo, G\u00e1s e Carv\u00e3o Mineral na COP30 - Amazon Climate Hub\" \/>\n<meta property=\"og:description\" content=\"A press\u00e3o sobre a presid\u00eancia da COP30, que ser\u00e1 realizada em Bel\u00e9m (PA) em novembro, se intensificou ap\u00f3s a divulga\u00e7\u00e3o da primeira carta oficial do embaixador Andr\u00e9 Corr\u00eaa do Lago, escolhido pelo presidente Lula para liderar o evento. No documento de 11 p\u00e1ginas, que trata das emerg\u00eancias clim\u00e1ticas, a express\u00e3o &quot;combust\u00edveis f\u00f3sseis&quot; foi mencionada apenas uma vez, o que gerou cr\u00edticas de ambientalistas e especialistas da \u00e1rea.\" \/>\n<meta property=\"og:url\" content=\"https:\/\/amazonclimatehub.org\/?p=28269\" \/>\n<meta property=\"og:site_name\" content=\"Amazon Climate Hub\" \/>\n<meta property=\"article:publisher\" content=\"https:\/\/www.facebook.com\/arayaraoficial\" \/>\n<meta property=\"article:published_time\" content=\"2025-03-21T14:53:26+00:00\" \/>\n<meta name=\"author\" content=\"Nivia Cerqueira\" \/>\n<meta name=\"twitter:card\" content=\"summary_large_image\" \/>\n<meta name=\"twitter:creator\" content=\"@arayaraoficial\" \/>\n<meta name=\"twitter:site\" content=\"@arayaraoficial\" \/>\n<meta name=\"twitter:label1\" content=\"Escrito por\" \/>\n\t<meta name=\"twitter:data1\" content=\"Nivia Cerqueira\" \/>\n\t<meta name=\"twitter:label2\" content=\"Est. tempo de leitura\" \/>\n\t<meta name=\"twitter:data2\" content=\"4 minutos\" \/>\n<script type=\"application\/ld+json\" class=\"yoast-schema-graph\">{\"@context\":\"https:\/\/schema.org\",\"@graph\":[{\"@type\":\"Article\",\"@id\":\"https:\/\/amazonclimatehub.org\/?p=28269#article\",\"isPartOf\":{\"@id\":\"https:\/\/amazonclimatehub.org\/?p=28269\"},\"author\":{\"name\":\"Nivia Cerqueira\",\"@id\":\"https:\/\/amazonclimatehub.org\/#\/schema\/person\/c9e0e08bee355119abf5e7788e4d8fba\"},\"headline\":\"Organiza\u00e7\u00f5es cobram transpar\u00eancia e combate ao lobby do Petr\u00f3leo, G\u00e1s e Carv\u00e3o Mineral na COP30\",\"datePublished\":\"2025-03-21T14:53:26+00:00\",\"mainEntityOfPage\":{\"@id\":\"https:\/\/amazonclimatehub.org\/?p=28269\"},\"wordCount\":749,\"commentCount\":0,\"publisher\":{\"@id\":\"https:\/\/amazonclimatehub.org\/#organization\"},\"image\":{\"@id\":\"https:\/\/amazonclimatehub.org\/?p=28269#primaryimage\"},\"thumbnailUrl\":\"\",\"keywords\":[\"Amaz\u00f4nia\",\"ANP\",\"aquecimento global\",\"Brasil\",\"combust\u00edveis f\u00f3sseis\",\"conscientiza\u00e7\u00e3o\",\"COP 30\",\"COP29\",\"crise clim\u00e1tica\",\"Descarboniza\u00e7\u00e3o\",\"embaixador Andr\u00e9 Corr\u00eaa do Lago\",\"falhas do governo\",\"gases de efeito estufa\",\"governan\u00e7a clim\u00e1tica\",\"Impactos Clim\u00e1ticos\",\"impactos socioambientais\",\"ind\u00fastria de Petr\u00f3leo e G\u00e1s\",\"lobby\",\"mar sem petr\u00f3leo\",\"Maranh\u00e3o\",\"Marina Silva\",\"Minist\u00e9rio de Meio Ambiente e Mudan\u00e7a do Clima\",\"mudan\u00e7as clim\u00e1ticas\",\"Povos ind\u00edgenas\",\"Presidente Lula\",\"sustentabilidade\"],\"articleSection\":[\"COP30\"],\"inLanguage\":\"pt-BR\",\"potentialAction\":[{\"@type\":\"CommentAction\",\"name\":\"Comment\",\"target\":[\"https:\/\/amazonclimatehub.org\/?p=28269#respond\"]}]},{\"@type\":\"WebPage\",\"@id\":\"https:\/\/amazonclimatehub.org\/?p=28269\",\"url\":\"https:\/\/amazonclimatehub.org\/?p=28269\",\"name\":\"Organiza\u00e7\u00f5es cobram transpar\u00eancia e combate ao lobby do Petr\u00f3leo, G\u00e1s e Carv\u00e3o Mineral na COP30 - Amazon Climate Hub\",\"isPartOf\":{\"@id\":\"https:\/\/amazonclimatehub.org\/#website\"},\"primaryImageOfPage\":{\"@id\":\"https:\/\/amazonclimatehub.org\/?p=28269#primaryimage\"},\"image\":{\"@id\":\"https:\/\/amazonclimatehub.org\/?p=28269#primaryimage\"},\"thumbnailUrl\":\"\",\"datePublished\":\"2025-03-21T14:53:26+00:00\",\"description\":\"A press\u00e3o sobre a presid\u00eancia da COP30, que ser\u00e1 realizada em Bel\u00e9m (PA) em novembro, se intensificou ap\u00f3s a divulga\u00e7\u00e3o da primeira carta oficial do embaixador Andr\u00e9 Corr\u00eaa do Lago, escolhido pelo presidente Lula para liderar o evento. No documento de 11 p\u00e1ginas, que trata das emerg\u00eancias clim\u00e1ticas, a express\u00e3o \\\"combust\u00edveis f\u00f3sseis\\\" foi mencionada apenas uma vez, o que gerou cr\u00edticas de ambientalistas e especialistas da \u00e1rea.\",\"breadcrumb\":{\"@id\":\"https:\/\/amazonclimatehub.org\/?p=28269#breadcrumb\"},\"inLanguage\":\"pt-BR\",\"potentialAction\":[{\"@type\":\"ReadAction\",\"target\":[\"https:\/\/amazonclimatehub.org\/?p=28269\"]}]},{\"@type\":\"ImageObject\",\"inLanguage\":\"pt-BR\",\"@id\":\"https:\/\/amazonclimatehub.org\/?p=28269#primaryimage\",\"url\":\"\",\"contentUrl\":\"\"},{\"@type\":\"BreadcrumbList\",\"@id\":\"https:\/\/amazonclimatehub.org\/?p=28269#breadcrumb\",\"itemListElement\":[{\"@type\":\"ListItem\",\"position\":1,\"name\":\"In\u00edcio\",\"item\":\"https:\/\/amazonclimatehub.org\/\"},{\"@type\":\"ListItem\",\"position\":2,\"name\":\"Organiza\u00e7\u00f5es cobram transpar\u00eancia e combate ao lobby do Petr\u00f3leo, G\u00e1s e Carv\u00e3o Mineral na COP30\"}]},{\"@type\":\"WebSite\",\"@id\":\"https:\/\/amazonclimatehub.org\/#website\",\"url\":\"https:\/\/amazonclimatehub.org\/\",\"name\":\"Amazon Climate Hub\",\"description\":\"A Casa da ARAYARA na COP30\",\"publisher\":{\"@id\":\"https:\/\/amazonclimatehub.org\/#organization\"},\"potentialAction\":[{\"@type\":\"SearchAction\",\"target\":{\"@type\":\"EntryPoint\",\"urlTemplate\":\"https:\/\/amazonclimatehub.org\/?s={search_term_string}\"},\"query-input\":{\"@type\":\"PropertyValueSpecification\",\"valueRequired\":true,\"valueName\":\"search_term_string\"}}],\"inLanguage\":\"pt-BR\"},{\"@type\":\"Organization\",\"@id\":\"https:\/\/amazonclimatehub.org\/#organization\",\"name\":\"ARAYARA\",\"url\":\"https:\/\/amazonclimatehub.org\/\",\"logo\":{\"@type\":\"ImageObject\",\"inLanguage\":\"pt-BR\",\"@id\":\"https:\/\/amazonclimatehub.org\/#\/schema\/logo\/image\/\",\"url\":\"https:\/\/amazonclimatehub.org\/wp-content\/uploads\/2025\/08\/Logo-ARAYARA-AMAZON-CLIMATE-HUB-seo@150x-100-scaled.jpg\",\"contentUrl\":\"https:\/\/amazonclimatehub.org\/wp-content\/uploads\/2025\/08\/Logo-ARAYARA-AMAZON-CLIMATE-HUB-seo@150x-100-scaled.jpg\",\"width\":2560,\"height\":1440,\"caption\":\"ARAYARA\"},\"image\":{\"@id\":\"https:\/\/amazonclimatehub.org\/#\/schema\/logo\/image\/\"},\"sameAs\":[\"https:\/\/www.facebook.com\/arayaraoficial\",\"https:\/\/x.com\/arayaraoficial\",\"https:\/\/www.instagram.com\/arayaraoficial\/\",\"https:\/\/www.youtube.com\/@ArayaraOficial\",\"https:\/\/www.linkedin.com\/company\/instituto-internacional-arayara\/\"]},{\"@type\":\"Person\",\"@id\":\"https:\/\/amazonclimatehub.org\/#\/schema\/person\/c9e0e08bee355119abf5e7788e4d8fba\",\"name\":\"Nivia Cerqueira\",\"image\":{\"@type\":\"ImageObject\",\"inLanguage\":\"pt-BR\",\"@id\":\"https:\/\/amazonclimatehub.org\/#\/schema\/person\/image\/\",\"url\":\"https:\/\/secure.gravatar.com\/avatar\/86b576a5601953f8a95750769820944ffe60db153215c1aa4cc529fe2da7d653?s=96&d=mm&r=g\",\"contentUrl\":\"https:\/\/secure.gravatar.com\/avatar\/86b576a5601953f8a95750769820944ffe60db153215c1aa4cc529fe2da7d653?s=96&d=mm&r=g\",\"caption\":\"Nivia Cerqueira\"},\"url\":\"https:\/\/amazonclimatehub.org\/?author=8\"}]}<\/script>\n<!-- \/ Yoast SEO plugin. -->","yoast_head_json":{"title":"Organiza\u00e7\u00f5es cobram transpar\u00eancia e combate ao lobby do Petr\u00f3leo, G\u00e1s e Carv\u00e3o Mineral na COP30 - Amazon Climate Hub","description":"A press\u00e3o sobre a presid\u00eancia da COP30, que ser\u00e1 realizada em Bel\u00e9m (PA) em novembro, se intensificou ap\u00f3s a divulga\u00e7\u00e3o da primeira carta oficial do embaixador Andr\u00e9 Corr\u00eaa do Lago, escolhido pelo presidente Lula para liderar o evento. No documento de 11 p\u00e1ginas, que trata das emerg\u00eancias clim\u00e1ticas, a express\u00e3o \"combust\u00edveis f\u00f3sseis\" foi mencionada apenas uma vez, o que gerou cr\u00edticas de ambientalistas e especialistas da \u00e1rea.","robots":{"index":"index","follow":"follow","max-snippet":"max-snippet:-1","max-image-preview":"max-image-preview:large","max-video-preview":"max-video-preview:-1"},"canonical":"https:\/\/amazonclimatehub.org\/?p=28269","og_locale":"pt_BR","og_type":"article","og_title":"Organiza\u00e7\u00f5es cobram transpar\u00eancia e combate ao lobby do Petr\u00f3leo, G\u00e1s e Carv\u00e3o Mineral na COP30 - Amazon Climate Hub","og_description":"A press\u00e3o sobre a presid\u00eancia da COP30, que ser\u00e1 realizada em Bel\u00e9m (PA) em novembro, se intensificou ap\u00f3s a divulga\u00e7\u00e3o da primeira carta oficial do embaixador Andr\u00e9 Corr\u00eaa do Lago, escolhido pelo presidente Lula para liderar o evento. No documento de 11 p\u00e1ginas, que trata das emerg\u00eancias clim\u00e1ticas, a express\u00e3o \"combust\u00edveis f\u00f3sseis\" foi mencionada apenas uma vez, o que gerou cr\u00edticas de ambientalistas e especialistas da \u00e1rea.","og_url":"https:\/\/amazonclimatehub.org\/?p=28269","og_site_name":"Amazon Climate Hub","article_publisher":"https:\/\/www.facebook.com\/arayaraoficial","article_published_time":"2025-03-21T14:53:26+00:00","author":"Nivia Cerqueira","twitter_card":"summary_large_image","twitter_creator":"@arayaraoficial","twitter_site":"@arayaraoficial","twitter_misc":{"Escrito por":"Nivia Cerqueira","Est. tempo de leitura":"4 minutos"},"schema":{"@context":"https:\/\/schema.org","@graph":[{"@type":"Article","@id":"https:\/\/amazonclimatehub.org\/?p=28269#article","isPartOf":{"@id":"https:\/\/amazonclimatehub.org\/?p=28269"},"author":{"name":"Nivia Cerqueira","@id":"https:\/\/amazonclimatehub.org\/#\/schema\/person\/c9e0e08bee355119abf5e7788e4d8fba"},"headline":"Organiza\u00e7\u00f5es cobram transpar\u00eancia e combate ao lobby do Petr\u00f3leo, G\u00e1s e Carv\u00e3o Mineral na COP30","datePublished":"2025-03-21T14:53:26+00:00","mainEntityOfPage":{"@id":"https:\/\/amazonclimatehub.org\/?p=28269"},"wordCount":749,"commentCount":0,"publisher":{"@id":"https:\/\/amazonclimatehub.org\/#organization"},"image":{"@id":"https:\/\/amazonclimatehub.org\/?p=28269#primaryimage"},"thumbnailUrl":"","keywords":["Amaz\u00f4nia","ANP","aquecimento global","Brasil","combust\u00edveis f\u00f3sseis","conscientiza\u00e7\u00e3o","COP 30","COP29","crise clim\u00e1tica","Descarboniza\u00e7\u00e3o","embaixador Andr\u00e9 Corr\u00eaa do Lago","falhas do governo","gases de efeito estufa","governan\u00e7a clim\u00e1tica","Impactos Clim\u00e1ticos","impactos socioambientais","ind\u00fastria de Petr\u00f3leo e G\u00e1s","lobby","mar sem petr\u00f3leo","Maranh\u00e3o","Marina Silva","Minist\u00e9rio de Meio Ambiente e Mudan\u00e7a do Clima","mudan\u00e7as clim\u00e1ticas","Povos ind\u00edgenas","Presidente Lula","sustentabilidade"],"articleSection":["COP30"],"inLanguage":"pt-BR","potentialAction":[{"@type":"CommentAction","name":"Comment","target":["https:\/\/amazonclimatehub.org\/?p=28269#respond"]}]},{"@type":"WebPage","@id":"https:\/\/amazonclimatehub.org\/?p=28269","url":"https:\/\/amazonclimatehub.org\/?p=28269","name":"Organiza\u00e7\u00f5es cobram transpar\u00eancia e combate ao lobby do Petr\u00f3leo, G\u00e1s e Carv\u00e3o Mineral na COP30 - Amazon Climate Hub","isPartOf":{"@id":"https:\/\/amazonclimatehub.org\/#website"},"primaryImageOfPage":{"@id":"https:\/\/amazonclimatehub.org\/?p=28269#primaryimage"},"image":{"@id":"https:\/\/amazonclimatehub.org\/?p=28269#primaryimage"},"thumbnailUrl":"","datePublished":"2025-03-21T14:53:26+00:00","description":"A press\u00e3o sobre a presid\u00eancia da COP30, que ser\u00e1 realizada em Bel\u00e9m (PA) em novembro, se intensificou ap\u00f3s a divulga\u00e7\u00e3o da primeira carta oficial do embaixador Andr\u00e9 Corr\u00eaa do Lago, escolhido pelo presidente Lula para liderar o evento. No documento de 11 p\u00e1ginas, que trata das emerg\u00eancias clim\u00e1ticas, a express\u00e3o \"combust\u00edveis f\u00f3sseis\" foi mencionada apenas uma vez, o que gerou cr\u00edticas de ambientalistas e especialistas da \u00e1rea.","breadcrumb":{"@id":"https:\/\/amazonclimatehub.org\/?p=28269#breadcrumb"},"inLanguage":"pt-BR","potentialAction":[{"@type":"ReadAction","target":["https:\/\/amazonclimatehub.org\/?p=28269"]}]},{"@type":"ImageObject","inLanguage":"pt-BR","@id":"https:\/\/amazonclimatehub.org\/?p=28269#primaryimage","url":"","contentUrl":""},{"@type":"BreadcrumbList","@id":"https:\/\/amazonclimatehub.org\/?p=28269#breadcrumb","itemListElement":[{"@type":"ListItem","position":1,"name":"In\u00edcio","item":"https:\/\/amazonclimatehub.org\/"},{"@type":"ListItem","position":2,"name":"Organiza\u00e7\u00f5es cobram transpar\u00eancia e combate ao lobby do Petr\u00f3leo, G\u00e1s e Carv\u00e3o Mineral na COP30"}]},{"@type":"WebSite","@id":"https:\/\/amazonclimatehub.org\/#website","url":"https:\/\/amazonclimatehub.org\/","name":"Amazon Climate Hub","description":"A Casa da ARAYARA na COP30","publisher":{"@id":"https:\/\/amazonclimatehub.org\/#organization"},"potentialAction":[{"@type":"SearchAction","target":{"@type":"EntryPoint","urlTemplate":"https:\/\/amazonclimatehub.org\/?s={search_term_string}"},"query-input":{"@type":"PropertyValueSpecification","valueRequired":true,"valueName":"search_term_string"}}],"inLanguage":"pt-BR"},{"@type":"Organization","@id":"https:\/\/amazonclimatehub.org\/#organization","name":"ARAYARA","url":"https:\/\/amazonclimatehub.org\/","logo":{"@type":"ImageObject","inLanguage":"pt-BR","@id":"https:\/\/amazonclimatehub.org\/#\/schema\/logo\/image\/","url":"https:\/\/amazonclimatehub.org\/wp-content\/uploads\/2025\/08\/Logo-ARAYARA-AMAZON-CLIMATE-HUB-seo@150x-100-scaled.jpg","contentUrl":"https:\/\/amazonclimatehub.org\/wp-content\/uploads\/2025\/08\/Logo-ARAYARA-AMAZON-CLIMATE-HUB-seo@150x-100-scaled.jpg","width":2560,"height":1440,"caption":"ARAYARA"},"image":{"@id":"https:\/\/amazonclimatehub.org\/#\/schema\/logo\/image\/"},"sameAs":["https:\/\/www.facebook.com\/arayaraoficial","https:\/\/x.com\/arayaraoficial","https:\/\/www.instagram.com\/arayaraoficial\/","https:\/\/www.youtube.com\/@ArayaraOficial","https:\/\/www.linkedin.com\/company\/instituto-internacional-arayara\/"]},{"@type":"Person","@id":"https:\/\/amazonclimatehub.org\/#\/schema\/person\/c9e0e08bee355119abf5e7788e4d8fba","name":"Nivia Cerqueira","image":{"@type":"ImageObject","inLanguage":"pt-BR","@id":"https:\/\/amazonclimatehub.org\/#\/schema\/person\/image\/","url":"https:\/\/secure.gravatar.com\/avatar\/86b576a5601953f8a95750769820944ffe60db153215c1aa4cc529fe2da7d653?s=96&d=mm&r=g","contentUrl":"https:\/\/secure.gravatar.com\/avatar\/86b576a5601953f8a95750769820944ffe60db153215c1aa4cc529fe2da7d653?s=96&d=mm&r=g","caption":"Nivia Cerqueira"},"url":"https:\/\/amazonclimatehub.org\/?author=8"}]}},"_links":{"self":[{"href":"https:\/\/amazonclimatehub.org\/index.php?rest_route=\/wp\/v2\/posts\/28269","targetHints":{"allow":["GET"]}}],"collection":[{"href":"https:\/\/amazonclimatehub.org\/index.php?rest_route=\/wp\/v2\/posts"}],"about":[{"href":"https:\/\/amazonclimatehub.org\/index.php?rest_route=\/wp\/v2\/types\/post"}],"author":[{"embeddable":true,"href":"https:\/\/amazonclimatehub.org\/index.php?rest_route=\/wp\/v2\/users\/8"}],"replies":[{"embeddable":true,"href":"https:\/\/amazonclimatehub.org\/index.php?rest_route=%2Fwp%2Fv2%2Fcomments&post=28269"}],"version-history":[{"count":0,"href":"https:\/\/amazonclimatehub.org\/index.php?rest_route=\/wp\/v2\/posts\/28269\/revisions"}],"wp:featuredmedia":[{"embeddable":true,"href":"https:\/\/amazonclimatehub.org\/index.php?rest_route=\/"}],"wp:attachment":[{"href":"https:\/\/amazonclimatehub.org\/index.php?rest_route=%2Fwp%2Fv2%2Fmedia&parent=28269"}],"wp:term":[{"taxonomy":"category","embeddable":true,"href":"https:\/\/amazonclimatehub.org\/index.php?rest_route=%2Fwp%2Fv2%2Fcategories&post=28269"},{"taxonomy":"post_tag","embeddable":true,"href":"https:\/\/amazonclimatehub.org\/index.php?rest_route=%2Fwp%2Fv2%2Ftags&post=28269"}],"curies":[{"name":"wp","href":"https:\/\/api.w.org\/{rel}","templated":true}]}}