{"id":29273,"date":"2025-06-06T14:44:17","date_gmt":"2025-06-06T17:44:17","guid":{"rendered":"https:\/\/arayara.org\/?p=29273"},"modified":"2025-06-06T14:44:17","modified_gmt":"2025-06-06T17:44:17","slug":"cupula-dos-povos-mobilizacao-global-pela-justica-climatica-ganha-forca-rumo-a-cop30-em-belem","status":"publish","type":"post","link":"https:\/\/amazonclimatehub.org\/?p=29273","title":{"rendered":"C\u00fapula dos Povos: mobiliza\u00e7\u00e3o global pela justi\u00e7a clim\u00e1tica ganha for\u00e7a rumo \u00e0 COP30 em Bel\u00e9m"},"content":{"rendered":"<h1><span style=\"font-weight: 400;\">Na \u00faltima ter\u00e7a-feira (02\/06), Renata Prata, coordenadora de Advocacy do Instituto Internacional ARAYARA, participou do programa <\/span><i><span style=\"font-weight: 400;\">Di\u00e1logos de Justi\u00e7a e Paz<\/span><\/i><span style=\"font-weight: 400;\">, promovido pela Comiss\u00e3o Justi\u00e7a e Paz de Bras\u00edlia. <\/span><\/h1>\n<p><span style=\"font-weight: 400;\">O encontro, realizado presencialmente com transmiss\u00e3o ao vivo, foi mediado por Ana Paula Inglez, presidente da Comiss\u00e3o, e tamb\u00e9m contou com a presen\u00e7a de Dorismeire Almeida de Vasconcelos, articuladora da Rede Eclesial Pan-Amaz\u00f4nica (REPAM-Brasil) e integrante da C\u00fapula dos Povos rumo \u00e0 COP30.<\/span><\/p>\n<p><span style=\"font-weight: 400;\">A iniciativa \u00e9 coordenada pelo Observat\u00f3rio Nacional de Justi\u00e7a Socioambiental Luciano Mendes de Almeida (OLMA), em parceria com o Centro Cultural de Bras\u00edlia (CCB), a Comiss\u00e3o Justi\u00e7a e Paz de Bras\u00edlia (CJP-DF) e a Comiss\u00e3o Brasileira de Justi\u00e7a e Paz (CBJP). Seu objetivo \u00e9 promover di\u00e1logos cr\u00edticos e reflex\u00f5es profundas sobre justi\u00e7a socioambiental, espiritualidade, participa\u00e7\u00e3o cidad\u00e3 e cuidado com os territ\u00f3rios.<\/span><\/p>\n<p><span style=\"font-weight: 400;\">Durante sua fala, Renata Prata ressaltou o papel fundamental da sociedade civil na mobiliza\u00e7\u00e3o rumo \u00e0 COP30, marcada para novembro de 2025, em Bel\u00e9m do Par\u00e1. Destacou a urg\u00eancia de integrar os debates sobre justi\u00e7a clim\u00e1tica com a promo\u00e7\u00e3o da paz e a supera\u00e7\u00e3o da l\u00f3gica de militariza\u00e7\u00e3o.<\/span><\/p>\n<p><span style=\"font-weight: 400;\">\u201cOs combust\u00edveis f\u00f3sseis financiam guerras e conflitos geopol\u00edticos, violando direitos humanos e agravando a crise clim\u00e1tica. O compromisso com o clima precisa se traduzir em decis\u00f5es concretas, como barrar a explora\u00e7\u00e3o de f\u00f3sseis na Amaz\u00f4nia\u201d, pontuou.<\/span><\/p>\n<h4><b>Um espa\u00e7o vivo de resist\u00eancia<\/b><\/h4>\n<p><span style=\"font-weight: 400;\">A trajet\u00f3ria da C\u00fapula dos Povos, iniciada na Rio-92, segue como um dos principais marcos da mobiliza\u00e7\u00e3o global pela justi\u00e7a clim\u00e1tica. Mais do que um evento paralelo \u00e0s confer\u00eancias da ONU, trata-se de um processo cont\u00ednuo de articula\u00e7\u00e3o entre comunidades ind\u00edgenas, quilombolas, ribeirinhas, movimentos sociais, sindicais e ambientais.<\/span><\/p>\n<p><span style=\"font-weight: 400;\">Nesta edi\u00e7\u00e3o rumo \u00e0 COP30, mais de 600 organiza\u00e7\u00f5es est\u00e3o engajadas em um modelo descentralizado, enraizado nos territ\u00f3rios. Dorismeire Vasconcelos refor\u00e7ou:<\/span><\/p>\n<p><span style=\"font-weight: 400;\">\u201cA proposta \u00e9 amplificar as vozes dos povos tradicionais e promover uma mobiliza\u00e7\u00e3o aut\u00f4noma e transformadora.\u201d<\/span><\/p>\n<p><span style=\"font-weight: 400;\">Para Renata Prata, realizar a COP30 no cora\u00e7\u00e3o da Amaz\u00f4nia \u00e9 mais do que simb\u00f3lico \u2014 \u00e9 um convite ao enfrentamento das contradi\u00e7\u00f5es estruturais.\u201c\u00c9 a chance de ir al\u00e9m do turismo pol\u00edtico. Que essa presen\u00e7a gere empatia, responsabilidade e, principalmente, a\u00e7\u00e3o concreta.\u201d<\/span><\/p>\n<p><span style=\"font-weight: 400;\">Ela defende que a COP30 seja um ponto de virada, com discuss\u00f5es sobre o fim dos subs\u00eddios a combust\u00edveis f\u00f3sseis e o bloqueio de exporta\u00e7\u00f5es de petr\u00f3leo e g\u00e1s para pa\u00edses envolvidos em viola\u00e7\u00f5es de direitos humanos.<\/span><\/p>\n<h4><strong>A C\u00fapula dos Povos se organiza em torno de sete eixos tem\u00e1ticos centrais:<\/strong><\/h4>\n<p><span style=\"font-weight: 400;\">-Justi\u00e7a clim\u00e1tica e repara\u00e7\u00e3o hist\u00f3rica<\/span><\/p>\n<p><span style=\"font-weight: 400;\">-Combate ao racismo ambiental e ao poder corporativo<\/span><\/p>\n<p><span style=\"font-weight: 400;\">-Feminismo popular e antipatriarcado<\/span><\/p>\n<p><span style=\"font-weight: 400;\">-Anticolonialismo e valoriza\u00e7\u00e3o da biodiversidade<\/span><\/p>\n<p><span style=\"font-weight: 400;\">-Transi\u00e7\u00e3o justa, democr\u00e1tica e popular<\/span><\/p>\n<p><span style=\"font-weight: 400;\">-Territ\u00f3rios vivos e soberania alimentar<\/span><\/p>\n<p><span style=\"font-weight: 400;\">-Cidades justas e periferias vivas<\/span><\/p>\n<p><span style=\"font-weight: 400;\">A expectativa \u00e9 reunir entre 15 mil e 30 mil pessoas entre os dias 12 e 16 de novembro de 2025, em uma programa\u00e7\u00e3o que inclui plen\u00e1rias, assembleias populares, caravanas, barqueatas e a tradicional Marcha do Clima, no dia 15. Ao final, ser\u00e1 lan\u00e7ada a <\/span><b>Declara\u00e7\u00e3o dos Povos<\/b><span style=\"font-weight: 400;\">, com propostas para demarca\u00e7\u00e3o de terras ind\u00edgenas, prote\u00e7\u00e3o das florestas e transi\u00e7\u00e3o energ\u00e9tica justa.<\/span><\/p>\n<h4><b>Governan\u00e7a popular e legado p\u00f3s-COP<\/b><\/h4>\n<p><span style=\"font-weight: 400;\">A C\u00fapula dos Povos \u00e9 coordenada por uma comiss\u00e3o pol\u00edtica com 43 organiza\u00e7\u00f5es (25 brasileiras e 18 internacionais), al\u00e9m de grupos tem\u00e1ticos, comit\u00eas de mobiliza\u00e7\u00e3o e uma equipe de capta\u00e7\u00e3o de recursos.<\/span><\/p>\n<p><span style=\"font-weight: 400;\">Uma das novidades destacadas durante o evento, e que integra essa ampla mobiliza\u00e7\u00e3o da sociedade civil, \u00e9 o <\/span><b>Amazon Climate Hub<\/b><span style=\"font-weight: 400;\">, centro multifuncional promovido pela ARAYARA. O espa\u00e7o reunir\u00e1 debates cient\u00edficos, jur\u00eddicos, articula\u00e7\u00f5es pol\u00edticas e de inova\u00e7\u00e3o, al\u00e9m de express\u00f5es art\u00edsticas imersivas durante a COP30.<\/span><\/p>\n<p><span style=\"font-weight: 400;\">\u201cO Hub ser\u00e1 mais do que uma casa de eventos \u2014 ser\u00e1 um s\u00edmbolo da resist\u00eancia e da constru\u00e7\u00e3o coletiva pela justi\u00e7a clim\u00e1tica\u201d, celebra a gerente de Rela\u00e7\u00f5es Institucionais da ARAYARA.<\/span><\/p>\n<h4><b>Espiritualidade, \u00e9tica e compromisso com a vida<\/b><\/h4>\n<p><span style=\"font-weight: 400;\">Redes eclesiais, pastorais sociais e movimentos religiosos t\u00eam somado for\u00e7as \u00e0 mobiliza\u00e7\u00e3o, defendendo uma espiritualidade que se traduz em a\u00e7\u00f5es concretas de cuidado com a Casa Comum.<\/span><\/p>\n<p><span style=\"font-weight: 400;\">Inspirada na enc\u00edclica <\/span><i><span style=\"font-weight: 400;\">Laudato Si\u2019<\/span><\/i><span style=\"font-weight: 400;\">, do Papa Francisco, e no c\u00e2ntico de S\u00e3o Francisco de Assis, a C\u00fapula envolve tamb\u00e9m a l\u00f3gica da <\/span><b>ecologia integral<\/b><span style=\"font-weight: 400;\">, que une cuidado com a vida, justi\u00e7a social e valores espirituais.<\/span><\/p>\n<h4><b>Um chamado \u00e0 a\u00e7\u00e3o contra a viol\u00eancia e o Ecofascismo<\/b><\/h4>\n<p><span style=\"font-weight: 400;\">A C\u00fapula dos Povos tamb\u00e9m denuncia a viol\u00eancia contra defensores ambientais \u2014 com o Brasil entre os pa\u00edses mais letais para quem protege a natureza \u2014 e o uso distorcido do discurso ambiental por setores conservadores.<\/span><\/p>\n<p><span style=\"font-weight: 400;\">O pesquisador Roberto chamou aten\u00e7\u00e3o para o avan\u00e7o do <\/span><b>ecofascismo<\/b><span style=\"font-weight: 400;\">, fen\u00f4meno em que a pauta ecol\u00f3gica \u00e9 instrumentalizada para justificar pol\u00edticas xenof\u00f3bicas e autorit\u00e1rias.<\/span><\/p>\n<p><span style=\"font-weight: 400;\">Depoimentos emocionantes, como a de uma mulher amaz\u00f4nida, atualmente agricultura no Amap\u00e1, ilustraram o sentimento de esperan\u00e7a:<\/span><\/p>\n<p><span style=\"font-weight: 400;\">\u201cSaber que n\u00e3o estamos sozinhos e que o mundo est\u00e1 nos ouvindo nos d\u00e1 for\u00e7a para continuar\u201d, disse Aldenora durante o evento.<\/span><\/p>\n<h4><b>A luta n\u00e3o acaba em 2025<\/b><\/h4>\n<p><span style=\"font-weight: 400;\">Ao final do evento ficou a reflex\u00e3o de que a C\u00fapula dos Povos n\u00e3o se encerra com a COP30. Ela busca consolidar uma <\/span><b>articula\u00e7\u00e3o permanente<\/b><span style=\"font-weight: 400;\">, fortalecendo a presen\u00e7a da sociedade civil nos f\u00f3runs nacionais e internacionais de decis\u00e3o sobre o clima.<\/span><\/p>\n","protected":false},"excerpt":{"rendered":"<p>Na \u00faltima ter\u00e7a-feira (02\/06), Renata Prata, coordenadora de Advocacy do Instituto Internacional ARAYARA, participou do programa Di\u00e1logos de Justi\u00e7a e Paz, promovido pela Comiss\u00e3o Justi\u00e7a e Paz de Bras\u00edlia. O encontro, realizado presencialmente com transmiss\u00e3o ao vivo, foi mediado por&#8230;<\/p>\n","protected":false},"author":8,"featured_media":29287,"comment_status":"open","ping_status":"closed","sticky":false,"template":"epic_custom_post_template-25587","format":"standard","meta":{"_eb_attr":"","_themeisle_gutenberg_block_has_review":false,"footnotes":""},"categories":[271],"tags":[346,387,363,372,429,320,281,332,430,431,389,356,432,400,289,433,386,434,316],"class_list":["post-29273","post","type-post","status-publish","format-standard","has-post-thumbnail","hentry","category-cop30","tag-amazonia-brasileira","tag-amazonia-indigena","tag-anp","tag-brasil","tag-cbjp","tag-combustiveis-fosseis","tag-conferencia-cop30","tag-cop30","tag-cupula-dos-povos","tag-defesa-dos-direitos-humanos","tag-direitos-dos-povos-indigenas","tag-impactos-socioambientais","tag-jesuitas-do-brasil","tag-licenciamento-ambiental","tag-mudancas-climaticas","tag-povos","tag-povos-indigenas","tag-repam","tag-transicao-energetica"],"yoast_head":"<!-- This site is optimized with the Yoast SEO plugin v26.2 - https:\/\/yoast.com\/wordpress\/plugins\/seo\/ -->\n<title>C\u00fapula dos Povos: mobiliza\u00e7\u00e3o global pela justi\u00e7a clim\u00e1tica ganha for\u00e7a rumo \u00e0 COP30 em Bel\u00e9m - Amazon Climate Hub<\/title>\n<meta name=\"description\" content=\"Durante sua fala, Renata Prata ressaltou o papel fundamental da sociedade civil na mobiliza\u00e7\u00e3o rumo \u00e0 COP30, marcada para novembro de 2025, em Bel\u00e9m do Par\u00e1. Destacou a urg\u00eancia de integrar os debates sobre justi\u00e7a clim\u00e1tica com a promo\u00e7\u00e3o da paz e a supera\u00e7\u00e3o da l\u00f3gica de militariza\u00e7\u00e3o.\u201cOs combust\u00edveis f\u00f3sseis financiam guerras e conflitos geopol\u00edticos, violando direitos humanos e agravando a crise clim\u00e1tica. O compromisso com o clima precisa se traduzir em decis\u00f5es concretas, como barrar a explora\u00e7\u00e3o de f\u00f3sseis na Amaz\u00f4nia\u201d, pontuou.\" \/>\n<meta name=\"robots\" content=\"index, follow, max-snippet:-1, max-image-preview:large, max-video-preview:-1\" \/>\n<link rel=\"canonical\" href=\"https:\/\/amazonclimatehub.org\/?p=29273\" \/>\n<meta property=\"og:locale\" content=\"pt_BR\" \/>\n<meta property=\"og:type\" content=\"article\" \/>\n<meta property=\"og:title\" content=\"C\u00fapula dos Povos: mobiliza\u00e7\u00e3o global pela justi\u00e7a clim\u00e1tica ganha for\u00e7a rumo \u00e0 COP30 em Bel\u00e9m - Amazon Climate Hub\" \/>\n<meta property=\"og:description\" content=\"Durante sua fala, Renata Prata ressaltou o papel fundamental da sociedade civil na mobiliza\u00e7\u00e3o rumo \u00e0 COP30, marcada para novembro de 2025, em Bel\u00e9m do Par\u00e1. Destacou a urg\u00eancia de integrar os debates sobre justi\u00e7a clim\u00e1tica com a promo\u00e7\u00e3o da paz e a supera\u00e7\u00e3o da l\u00f3gica de militariza\u00e7\u00e3o.\u201cOs combust\u00edveis f\u00f3sseis financiam guerras e conflitos geopol\u00edticos, violando direitos humanos e agravando a crise clim\u00e1tica. O compromisso com o clima precisa se traduzir em decis\u00f5es concretas, como barrar a explora\u00e7\u00e3o de f\u00f3sseis na Amaz\u00f4nia\u201d, pontuou.\" \/>\n<meta property=\"og:url\" content=\"https:\/\/amazonclimatehub.org\/?p=29273\" \/>\n<meta property=\"og:site_name\" content=\"Amazon Climate Hub\" \/>\n<meta property=\"article:publisher\" content=\"https:\/\/www.facebook.com\/arayaraoficial\" \/>\n<meta property=\"article:published_time\" content=\"2025-06-06T17:44:17+00:00\" \/>\n<meta name=\"author\" content=\"Nivia Cerqueira\" \/>\n<meta name=\"twitter:card\" content=\"summary_large_image\" \/>\n<meta name=\"twitter:creator\" content=\"@arayaraoficial\" \/>\n<meta name=\"twitter:site\" content=\"@arayaraoficial\" \/>\n<meta name=\"twitter:label1\" content=\"Escrito por\" \/>\n\t<meta name=\"twitter:data1\" content=\"Nivia Cerqueira\" \/>\n\t<meta name=\"twitter:label2\" content=\"Est. tempo de leitura\" \/>\n\t<meta name=\"twitter:data2\" content=\"5 minutos\" \/>\n<script type=\"application\/ld+json\" class=\"yoast-schema-graph\">{\"@context\":\"https:\/\/schema.org\",\"@graph\":[{\"@type\":\"Article\",\"@id\":\"https:\/\/amazonclimatehub.org\/?p=29273#article\",\"isPartOf\":{\"@id\":\"https:\/\/amazonclimatehub.org\/?p=29273\"},\"author\":{\"name\":\"Nivia Cerqueira\",\"@id\":\"https:\/\/amazonclimatehub.org\/#\/schema\/person\/c9e0e08bee355119abf5e7788e4d8fba\"},\"headline\":\"C\u00fapula dos Povos: mobiliza\u00e7\u00e3o global pela justi\u00e7a clim\u00e1tica ganha for\u00e7a rumo \u00e0 COP30 em Bel\u00e9m\",\"datePublished\":\"2025-06-06T17:44:17+00:00\",\"mainEntityOfPage\":{\"@id\":\"https:\/\/amazonclimatehub.org\/?p=29273\"},\"wordCount\":986,\"commentCount\":0,\"publisher\":{\"@id\":\"https:\/\/amazonclimatehub.org\/#organization\"},\"image\":{\"@id\":\"https:\/\/amazonclimatehub.org\/?p=29273#primaryimage\"},\"thumbnailUrl\":\"\",\"keywords\":[\"Amaz\u00f4nia brasileira\",\"Amaz\u00f4nia ind\u00edgena\",\"ANP\",\"Brasil\",\"CBJP\",\"combust\u00edveis f\u00f3sseis\",\"confer\u00eancia COP30\",\"COP30\",\"c\u00fapula dos povos\",\"defesa dos direitos humanos\",\"direitos dos povos ind\u00edgenas\",\"impactos socioambientais\",\"Jesu\u00edtas do Brasil\",\"Licenciamento Ambiental\",\"mudan\u00e7as clim\u00e1ticas\",\"povos\",\"Povos ind\u00edgenas\",\"repam\",\"transi\u00e7\u00e3o energ\u00e9tica\"],\"articleSection\":[\"COP30\"],\"inLanguage\":\"pt-BR\",\"potentialAction\":[{\"@type\":\"CommentAction\",\"name\":\"Comment\",\"target\":[\"https:\/\/amazonclimatehub.org\/?p=29273#respond\"]}]},{\"@type\":\"WebPage\",\"@id\":\"https:\/\/amazonclimatehub.org\/?p=29273\",\"url\":\"https:\/\/amazonclimatehub.org\/?p=29273\",\"name\":\"C\u00fapula dos Povos: mobiliza\u00e7\u00e3o global pela justi\u00e7a clim\u00e1tica ganha for\u00e7a rumo \u00e0 COP30 em Bel\u00e9m - Amazon Climate Hub\",\"isPartOf\":{\"@id\":\"https:\/\/amazonclimatehub.org\/#website\"},\"primaryImageOfPage\":{\"@id\":\"https:\/\/amazonclimatehub.org\/?p=29273#primaryimage\"},\"image\":{\"@id\":\"https:\/\/amazonclimatehub.org\/?p=29273#primaryimage\"},\"thumbnailUrl\":\"\",\"datePublished\":\"2025-06-06T17:44:17+00:00\",\"description\":\"Durante sua fala, Renata Prata ressaltou o papel fundamental da sociedade civil na mobiliza\u00e7\u00e3o rumo \u00e0 COP30, marcada para novembro de 2025, em Bel\u00e9m do Par\u00e1. Destacou a urg\u00eancia de integrar os debates sobre justi\u00e7a clim\u00e1tica com a promo\u00e7\u00e3o da paz e a supera\u00e7\u00e3o da l\u00f3gica de militariza\u00e7\u00e3o.\u201cOs combust\u00edveis f\u00f3sseis financiam guerras e conflitos geopol\u00edticos, violando direitos humanos e agravando a crise clim\u00e1tica. O compromisso com o clima precisa se traduzir em decis\u00f5es concretas, como barrar a explora\u00e7\u00e3o de f\u00f3sseis na Amaz\u00f4nia\u201d, pontuou.\",\"breadcrumb\":{\"@id\":\"https:\/\/amazonclimatehub.org\/?p=29273#breadcrumb\"},\"inLanguage\":\"pt-BR\",\"potentialAction\":[{\"@type\":\"ReadAction\",\"target\":[\"https:\/\/amazonclimatehub.org\/?p=29273\"]}]},{\"@type\":\"ImageObject\",\"inLanguage\":\"pt-BR\",\"@id\":\"https:\/\/amazonclimatehub.org\/?p=29273#primaryimage\",\"url\":\"\",\"contentUrl\":\"\"},{\"@type\":\"BreadcrumbList\",\"@id\":\"https:\/\/amazonclimatehub.org\/?p=29273#breadcrumb\",\"itemListElement\":[{\"@type\":\"ListItem\",\"position\":1,\"name\":\"In\u00edcio\",\"item\":\"https:\/\/amazonclimatehub.org\/\"},{\"@type\":\"ListItem\",\"position\":2,\"name\":\"C\u00fapula dos Povos: mobiliza\u00e7\u00e3o global pela justi\u00e7a clim\u00e1tica ganha for\u00e7a rumo \u00e0 COP30 em Bel\u00e9m\"}]},{\"@type\":\"WebSite\",\"@id\":\"https:\/\/amazonclimatehub.org\/#website\",\"url\":\"https:\/\/amazonclimatehub.org\/\",\"name\":\"Amazon Climate Hub\",\"description\":\"A Casa da ARAYARA na COP30\",\"publisher\":{\"@id\":\"https:\/\/amazonclimatehub.org\/#organization\"},\"potentialAction\":[{\"@type\":\"SearchAction\",\"target\":{\"@type\":\"EntryPoint\",\"urlTemplate\":\"https:\/\/amazonclimatehub.org\/?s={search_term_string}\"},\"query-input\":{\"@type\":\"PropertyValueSpecification\",\"valueRequired\":true,\"valueName\":\"search_term_string\"}}],\"inLanguage\":\"pt-BR\"},{\"@type\":\"Organization\",\"@id\":\"https:\/\/amazonclimatehub.org\/#organization\",\"name\":\"ARAYARA\",\"url\":\"https:\/\/amazonclimatehub.org\/\",\"logo\":{\"@type\":\"ImageObject\",\"inLanguage\":\"pt-BR\",\"@id\":\"https:\/\/amazonclimatehub.org\/#\/schema\/logo\/image\/\",\"url\":\"https:\/\/amazonclimatehub.org\/wp-content\/uploads\/2025\/08\/Logo-ARAYARA-AMAZON-CLIMATE-HUB-seo@150x-100-scaled.jpg\",\"contentUrl\":\"https:\/\/amazonclimatehub.org\/wp-content\/uploads\/2025\/08\/Logo-ARAYARA-AMAZON-CLIMATE-HUB-seo@150x-100-scaled.jpg\",\"width\":2560,\"height\":1440,\"caption\":\"ARAYARA\"},\"image\":{\"@id\":\"https:\/\/amazonclimatehub.org\/#\/schema\/logo\/image\/\"},\"sameAs\":[\"https:\/\/www.facebook.com\/arayaraoficial\",\"https:\/\/x.com\/arayaraoficial\",\"https:\/\/www.instagram.com\/arayaraoficial\/\",\"https:\/\/www.youtube.com\/@ArayaraOficial\",\"https:\/\/www.linkedin.com\/company\/instituto-internacional-arayara\/\"]},{\"@type\":\"Person\",\"@id\":\"https:\/\/amazonclimatehub.org\/#\/schema\/person\/c9e0e08bee355119abf5e7788e4d8fba\",\"name\":\"Nivia Cerqueira\",\"image\":{\"@type\":\"ImageObject\",\"inLanguage\":\"pt-BR\",\"@id\":\"https:\/\/amazonclimatehub.org\/#\/schema\/person\/image\/\",\"url\":\"https:\/\/secure.gravatar.com\/avatar\/86b576a5601953f8a95750769820944ffe60db153215c1aa4cc529fe2da7d653?s=96&d=mm&r=g\",\"contentUrl\":\"https:\/\/secure.gravatar.com\/avatar\/86b576a5601953f8a95750769820944ffe60db153215c1aa4cc529fe2da7d653?s=96&d=mm&r=g\",\"caption\":\"Nivia Cerqueira\"},\"url\":\"https:\/\/amazonclimatehub.org\/?author=8\"}]}<\/script>\n<!-- \/ Yoast SEO plugin. -->","yoast_head_json":{"title":"C\u00fapula dos Povos: mobiliza\u00e7\u00e3o global pela justi\u00e7a clim\u00e1tica ganha for\u00e7a rumo \u00e0 COP30 em Bel\u00e9m - Amazon Climate Hub","description":"Durante sua fala, Renata Prata ressaltou o papel fundamental da sociedade civil na mobiliza\u00e7\u00e3o rumo \u00e0 COP30, marcada para novembro de 2025, em Bel\u00e9m do Par\u00e1. Destacou a urg\u00eancia de integrar os debates sobre justi\u00e7a clim\u00e1tica com a promo\u00e7\u00e3o da paz e a supera\u00e7\u00e3o da l\u00f3gica de militariza\u00e7\u00e3o.\u201cOs combust\u00edveis f\u00f3sseis financiam guerras e conflitos geopol\u00edticos, violando direitos humanos e agravando a crise clim\u00e1tica. O compromisso com o clima precisa se traduzir em decis\u00f5es concretas, como barrar a explora\u00e7\u00e3o de f\u00f3sseis na Amaz\u00f4nia\u201d, pontuou.","robots":{"index":"index","follow":"follow","max-snippet":"max-snippet:-1","max-image-preview":"max-image-preview:large","max-video-preview":"max-video-preview:-1"},"canonical":"https:\/\/amazonclimatehub.org\/?p=29273","og_locale":"pt_BR","og_type":"article","og_title":"C\u00fapula dos Povos: mobiliza\u00e7\u00e3o global pela justi\u00e7a clim\u00e1tica ganha for\u00e7a rumo \u00e0 COP30 em Bel\u00e9m - Amazon Climate Hub","og_description":"Durante sua fala, Renata Prata ressaltou o papel fundamental da sociedade civil na mobiliza\u00e7\u00e3o rumo \u00e0 COP30, marcada para novembro de 2025, em Bel\u00e9m do Par\u00e1. Destacou a urg\u00eancia de integrar os debates sobre justi\u00e7a clim\u00e1tica com a promo\u00e7\u00e3o da paz e a supera\u00e7\u00e3o da l\u00f3gica de militariza\u00e7\u00e3o.\u201cOs combust\u00edveis f\u00f3sseis financiam guerras e conflitos geopol\u00edticos, violando direitos humanos e agravando a crise clim\u00e1tica. O compromisso com o clima precisa se traduzir em decis\u00f5es concretas, como barrar a explora\u00e7\u00e3o de f\u00f3sseis na Amaz\u00f4nia\u201d, pontuou.","og_url":"https:\/\/amazonclimatehub.org\/?p=29273","og_site_name":"Amazon Climate Hub","article_publisher":"https:\/\/www.facebook.com\/arayaraoficial","article_published_time":"2025-06-06T17:44:17+00:00","author":"Nivia Cerqueira","twitter_card":"summary_large_image","twitter_creator":"@arayaraoficial","twitter_site":"@arayaraoficial","twitter_misc":{"Escrito por":"Nivia Cerqueira","Est. tempo de leitura":"5 minutos"},"schema":{"@context":"https:\/\/schema.org","@graph":[{"@type":"Article","@id":"https:\/\/amazonclimatehub.org\/?p=29273#article","isPartOf":{"@id":"https:\/\/amazonclimatehub.org\/?p=29273"},"author":{"name":"Nivia Cerqueira","@id":"https:\/\/amazonclimatehub.org\/#\/schema\/person\/c9e0e08bee355119abf5e7788e4d8fba"},"headline":"C\u00fapula dos Povos: mobiliza\u00e7\u00e3o global pela justi\u00e7a clim\u00e1tica ganha for\u00e7a rumo \u00e0 COP30 em Bel\u00e9m","datePublished":"2025-06-06T17:44:17+00:00","mainEntityOfPage":{"@id":"https:\/\/amazonclimatehub.org\/?p=29273"},"wordCount":986,"commentCount":0,"publisher":{"@id":"https:\/\/amazonclimatehub.org\/#organization"},"image":{"@id":"https:\/\/amazonclimatehub.org\/?p=29273#primaryimage"},"thumbnailUrl":"","keywords":["Amaz\u00f4nia brasileira","Amaz\u00f4nia ind\u00edgena","ANP","Brasil","CBJP","combust\u00edveis f\u00f3sseis","confer\u00eancia COP30","COP30","c\u00fapula dos povos","defesa dos direitos humanos","direitos dos povos ind\u00edgenas","impactos socioambientais","Jesu\u00edtas do Brasil","Licenciamento Ambiental","mudan\u00e7as clim\u00e1ticas","povos","Povos ind\u00edgenas","repam","transi\u00e7\u00e3o energ\u00e9tica"],"articleSection":["COP30"],"inLanguage":"pt-BR","potentialAction":[{"@type":"CommentAction","name":"Comment","target":["https:\/\/amazonclimatehub.org\/?p=29273#respond"]}]},{"@type":"WebPage","@id":"https:\/\/amazonclimatehub.org\/?p=29273","url":"https:\/\/amazonclimatehub.org\/?p=29273","name":"C\u00fapula dos Povos: mobiliza\u00e7\u00e3o global pela justi\u00e7a clim\u00e1tica ganha for\u00e7a rumo \u00e0 COP30 em Bel\u00e9m - Amazon Climate Hub","isPartOf":{"@id":"https:\/\/amazonclimatehub.org\/#website"},"primaryImageOfPage":{"@id":"https:\/\/amazonclimatehub.org\/?p=29273#primaryimage"},"image":{"@id":"https:\/\/amazonclimatehub.org\/?p=29273#primaryimage"},"thumbnailUrl":"","datePublished":"2025-06-06T17:44:17+00:00","description":"Durante sua fala, Renata Prata ressaltou o papel fundamental da sociedade civil na mobiliza\u00e7\u00e3o rumo \u00e0 COP30, marcada para novembro de 2025, em Bel\u00e9m do Par\u00e1. Destacou a urg\u00eancia de integrar os debates sobre justi\u00e7a clim\u00e1tica com a promo\u00e7\u00e3o da paz e a supera\u00e7\u00e3o da l\u00f3gica de militariza\u00e7\u00e3o.\u201cOs combust\u00edveis f\u00f3sseis financiam guerras e conflitos geopol\u00edticos, violando direitos humanos e agravando a crise clim\u00e1tica. O compromisso com o clima precisa se traduzir em decis\u00f5es concretas, como barrar a explora\u00e7\u00e3o de f\u00f3sseis na Amaz\u00f4nia\u201d, pontuou.","breadcrumb":{"@id":"https:\/\/amazonclimatehub.org\/?p=29273#breadcrumb"},"inLanguage":"pt-BR","potentialAction":[{"@type":"ReadAction","target":["https:\/\/amazonclimatehub.org\/?p=29273"]}]},{"@type":"ImageObject","inLanguage":"pt-BR","@id":"https:\/\/amazonclimatehub.org\/?p=29273#primaryimage","url":"","contentUrl":""},{"@type":"BreadcrumbList","@id":"https:\/\/amazonclimatehub.org\/?p=29273#breadcrumb","itemListElement":[{"@type":"ListItem","position":1,"name":"In\u00edcio","item":"https:\/\/amazonclimatehub.org\/"},{"@type":"ListItem","position":2,"name":"C\u00fapula dos Povos: mobiliza\u00e7\u00e3o global pela justi\u00e7a clim\u00e1tica ganha for\u00e7a rumo \u00e0 COP30 em Bel\u00e9m"}]},{"@type":"WebSite","@id":"https:\/\/amazonclimatehub.org\/#website","url":"https:\/\/amazonclimatehub.org\/","name":"Amazon Climate Hub","description":"A Casa da ARAYARA na COP30","publisher":{"@id":"https:\/\/amazonclimatehub.org\/#organization"},"potentialAction":[{"@type":"SearchAction","target":{"@type":"EntryPoint","urlTemplate":"https:\/\/amazonclimatehub.org\/?s={search_term_string}"},"query-input":{"@type":"PropertyValueSpecification","valueRequired":true,"valueName":"search_term_string"}}],"inLanguage":"pt-BR"},{"@type":"Organization","@id":"https:\/\/amazonclimatehub.org\/#organization","name":"ARAYARA","url":"https:\/\/amazonclimatehub.org\/","logo":{"@type":"ImageObject","inLanguage":"pt-BR","@id":"https:\/\/amazonclimatehub.org\/#\/schema\/logo\/image\/","url":"https:\/\/amazonclimatehub.org\/wp-content\/uploads\/2025\/08\/Logo-ARAYARA-AMAZON-CLIMATE-HUB-seo@150x-100-scaled.jpg","contentUrl":"https:\/\/amazonclimatehub.org\/wp-content\/uploads\/2025\/08\/Logo-ARAYARA-AMAZON-CLIMATE-HUB-seo@150x-100-scaled.jpg","width":2560,"height":1440,"caption":"ARAYARA"},"image":{"@id":"https:\/\/amazonclimatehub.org\/#\/schema\/logo\/image\/"},"sameAs":["https:\/\/www.facebook.com\/arayaraoficial","https:\/\/x.com\/arayaraoficial","https:\/\/www.instagram.com\/arayaraoficial\/","https:\/\/www.youtube.com\/@ArayaraOficial","https:\/\/www.linkedin.com\/company\/instituto-internacional-arayara\/"]},{"@type":"Person","@id":"https:\/\/amazonclimatehub.org\/#\/schema\/person\/c9e0e08bee355119abf5e7788e4d8fba","name":"Nivia Cerqueira","image":{"@type":"ImageObject","inLanguage":"pt-BR","@id":"https:\/\/amazonclimatehub.org\/#\/schema\/person\/image\/","url":"https:\/\/secure.gravatar.com\/avatar\/86b576a5601953f8a95750769820944ffe60db153215c1aa4cc529fe2da7d653?s=96&d=mm&r=g","contentUrl":"https:\/\/secure.gravatar.com\/avatar\/86b576a5601953f8a95750769820944ffe60db153215c1aa4cc529fe2da7d653?s=96&d=mm&r=g","caption":"Nivia Cerqueira"},"url":"https:\/\/amazonclimatehub.org\/?author=8"}]}},"_links":{"self":[{"href":"https:\/\/amazonclimatehub.org\/index.php?rest_route=\/wp\/v2\/posts\/29273","targetHints":{"allow":["GET"]}}],"collection":[{"href":"https:\/\/amazonclimatehub.org\/index.php?rest_route=\/wp\/v2\/posts"}],"about":[{"href":"https:\/\/amazonclimatehub.org\/index.php?rest_route=\/wp\/v2\/types\/post"}],"author":[{"embeddable":true,"href":"https:\/\/amazonclimatehub.org\/index.php?rest_route=\/wp\/v2\/users\/8"}],"replies":[{"embeddable":true,"href":"https:\/\/amazonclimatehub.org\/index.php?rest_route=%2Fwp%2Fv2%2Fcomments&post=29273"}],"version-history":[{"count":0,"href":"https:\/\/amazonclimatehub.org\/index.php?rest_route=\/wp\/v2\/posts\/29273\/revisions"}],"wp:featuredmedia":[{"embeddable":true,"href":"https:\/\/amazonclimatehub.org\/index.php?rest_route=\/"}],"wp:attachment":[{"href":"https:\/\/amazonclimatehub.org\/index.php?rest_route=%2Fwp%2Fv2%2Fmedia&parent=29273"}],"wp:term":[{"taxonomy":"category","embeddable":true,"href":"https:\/\/amazonclimatehub.org\/index.php?rest_route=%2Fwp%2Fv2%2Fcategories&post=29273"},{"taxonomy":"post_tag","embeddable":true,"href":"https:\/\/amazonclimatehub.org\/index.php?rest_route=%2Fwp%2Fv2%2Ftags&post=29273"}],"curies":[{"name":"wp","href":"https:\/\/api.w.org\/{rel}","templated":true}]}}