{"id":29948,"date":"2025-08-15T16:14:37","date_gmt":"2025-08-15T19:14:37","guid":{"rendered":"https:\/\/arayara.org\/?p=29948"},"modified":"2025-10-13T18:57:19","modified_gmt":"2025-10-13T21:57:19","slug":"inclusao-de-comunidades-tradicionais-e-coerencia-nos-compromissos-climaticos-sao-debatidos-em-encontro-preparatorio-para-a-cop-30","status":"publish","type":"post","link":"https:\/\/amazonclimatehub.org\/?p=29948","title":{"rendered":"Inclus\u00e3o de comunidades tradicionais e coer\u00eancia nos compromissos clim\u00e1ticos s\u00e3o debatidos em encontro preparat\u00f3rio para a COP 30"},"content":{"rendered":"<h6><span style=\"font-weight: 400;\"><strong>Inclus\u00e3o de comunidades tradicionais e coer\u00eancia nos compromissos clim\u00e1ticos s\u00e3o debatidos em encontro preparat\u00f3rio para a COP 30<\/strong><\/span><\/h6>\n<p><span style=\"font-weight: 400;\">Na tarde de ontem (14), em encontro promovido pelo PSOL para reunir contribui\u00e7\u00f5es da sociedade civil aos encaminhamentos brasileiros na COP 30, a ministra dos Povos Ind\u00edgenas, S\u00f4nia Guajajara, abriu os trabalhos apresentando um panorama dos compromissos clim\u00e1ticos esperados para a confer\u00eancia, com destaque para o fortalecimento do <a href=\"https:\/\/cop30.br\/pt-br\/noticias-da-cop30\/lideres-do-brics-endossam-fundo-inedito-para-conservar-florestas-tropicais\">Fundo Florestas Tropicais para Sempre. <\/a><\/span><\/p>\n<p><span style=\"font-weight: 400;\">Guajajara ressaltou que o financiamento clim\u00e1tico deve priorizar os territ\u00f3rios ind\u00edgenas e questionou se a falta de avan\u00e7os para limitar o aquecimento global a 1,5\u00b0C estaria relacionada \u00e0 destina\u00e7\u00e3o inadequada desses recursos.<\/span><\/p>\n<p><span style=\"font-weight: 400;\">O evento reuniu representantes de organiza\u00e7\u00f5es da sociedade civil, coletivos e parlamentares de diferentes esferas. Representando o Instituto Internacional <\/span>ARAYARA<span style=\"font-weight: 400;\">, a coordenadora de Advocacy, <\/span>Renata Prata<span style=\"font-weight: 400;\">, defendeu a amplia\u00e7\u00e3o da participa\u00e7\u00e3o no C\u00edrculo dos Povos, de forma a incluir comunidades quilombolas, pescadores artesanais, ribeirinhos e demais povos e comunidades tradicionais. Ela tamb\u00e9m destacou a import\u00e2ncia de garantir coer\u00eancia entre os compromissos internacionais assumidos pelo Brasil \u2014 como o acordo firmado na <\/span>3\u00aa Confer\u00eancia da ONU sobre o Oceano <a href=\"https:\/\/arayara.org\/unoc-arayara-leva-voz-das-comunidades-tradicionais-e-denuncia-riscos-da-industria-fossil\/\">(UNOC3)<\/a> <span style=\"font-weight: 400;\">para o <\/span><i><span style=\"font-weight: 400;\">phase out<\/span><\/i><span style=\"font-weight: 400;\"> dos combust\u00edveis f\u00f3sseis no mar, que precisa ser incorporado \u00e0 pauta da COP \u2014 e o compromisso de eliminar a polui\u00e7\u00e3o pl\u00e1stica nos oceanos, atualmente amea\u00e7ado pelas press\u00f5es do lobby do petr\u00f3leo e g\u00e1s.<\/span><\/p>\n<p><span style=\"font-weight: 400;\">Durante sua fala, Prata enfatizou o papel estrat\u00e9gico da sociedade civil na mobiliza\u00e7\u00e3o para a <\/span><a href=\"https:\/\/arayara.org\/arayara-na-midia-ong-entra-com-acao-contra-plataformas-de-hospedagem-e-hoteis-por-precos-altos-para-cop30\/\"><b>COP 30<\/b><\/a><span style=\"font-weight: 400;\">, marcada para novembro de 2025, em Bel\u00e9m do Par\u00e1. Ela refor\u00e7ou a urg\u00eancia de integrar os debates sobre justi\u00e7a clim\u00e1tica \u00e0 promo\u00e7\u00e3o da justi\u00e7a e \u00e0 supera\u00e7\u00e3o da l\u00f3gica de militariza\u00e7\u00e3o, apontando que enfrentar a crise clim\u00e1tica exige solu\u00e7\u00f5es populares.<\/span><\/p>\n<div id=\"attachment_29950\" style=\"width: 778px\" class=\"wp-caption alignnone\"><img fetchpriority=\"high\" decoding=\"async\" aria-describedby=\"caption-attachment-29950\" class=\"wp-image-29950 size-large\" src=\"https:\/\/arayara.org\/wp-content\/uploads\/2025\/08\/IMG_0469-1-1-768x1024.jpg\" alt=\"\" width=\"768\" height=\"1024\" \/><p id=\"caption-attachment-29950\" class=\"wp-caption-text\">Da esquerda para a direita: Juliano Medeiros, assessor do deputado Ivan Valente, Renata Prata, coordenadora de Advocacy da ARAYARA; Paula Coradi, presidenta do PSOL; e o deputado Ivan Valente.<\/p><\/div>\n<p><span style=\"font-weight: 400;\">O deputado federal Ivan Valente (PSOL-SP) alertou para a aprova\u00e7\u00e3o do chamado<a href=\"https:\/\/arayara.org\/arayara-questionara-na-justica-licenca-ambiental-especial-no-pl-da-devastacao\/\"> \u201cPL da Devasta\u00e7\u00e3o\u201d<\/a> no Congresso e denunciou os riscos de transformar a Foz do Rio Amazonas em uma nova fronteira para a explora\u00e7\u00e3o de petr\u00f3leo e g\u00e1s, em plena emerg\u00eancia clim\u00e1tica. Em abril, Valente protocolou na C\u00e2mara o Projeto de Lei 1725\/2025, que altera a Lei n\u00ba 9.478\/1997, que regula a pol\u00edtica energ\u00e9tica nacional. A proposta pro\u00edbe a oferta de novos blocos de explora\u00e7\u00e3o na Amaz\u00f4nia, prev\u00ea a recupera\u00e7\u00e3o ambiental obrigat\u00f3ria nas \u00e1reas j\u00e1 em produ\u00e7\u00e3o e estabelece um Plano de Transi\u00e7\u00e3o Energ\u00e9tica Justa, com prazos para encerrar atividades de petr\u00f3leo e g\u00e1s, requalifica\u00e7\u00e3o profissional e incentivo \u00e0 economia sustent\u00e1vel e \u00e0s energias renov\u00e1veis.<\/span><\/p>\n<p><span style=\"font-weight: 400;\">Contribui\u00e7\u00f5es foram realizadas pela presidenta do PSOL, Paula Coradi; pelo assessor do deputado Ivan Valente, Juliano Medeiros; por representantes da Executiva Nacional do PSOL e da Funda\u00e7\u00e3o Lauro Campos e Marielle Franco (FLCMF); al\u00e9m de vereadores, deputados estaduais e representantes de movimentos e organiza\u00e7\u00f5es da sociedade civil.<\/span><\/p>\n<h5><b>Inscri\u00e7\u00f5es para o Amazon Climate Hub<\/b><\/h5>\n<p><span style=\"font-weight: 400;\">Prata tamb\u00e9m destacou o Amazon Climate Hub, espa\u00e7o organizado pela ARAYARA e parceiros em Bel\u00e9m durante a COP 30, dedicado a discuss\u00f5es, oficinas e performances sobre justi\u00e7a clim\u00e1tica. Com entrada gratuita e programa\u00e7\u00e3o di\u00e1ria das 7h \u00e0s 23h ao longo dos 15 dias de confer\u00eancia, a iniciativa busca reunir ONGs, lideran\u00e7as ind\u00edgenas, governos e pesquisadores, fortalecendo o debate p\u00fablico e a participa\u00e7\u00e3o social na COP 30.<\/span><\/p>\n<p><span style=\"font-weight: 400;\">As <\/span><a href=\"https:\/\/docs.google.com\/forms\/d\/e\/1FAIpQLSco8l1pWAtMd0-958aoIQ1I_W80mUKyme-OjBMj4Xk3Dipd3Q\/viewform\"><span style=\"font-weight: 400;\">inscri\u00e7\u00f5es est\u00e3o abertas<\/span><\/a><span style=\"font-weight: 400;\"> para que institui\u00e7\u00f5es, coletivos e ativistas proponham eventos na Amazon Climate Hub.<\/span><\/p>\n","protected":false},"excerpt":{"rendered":"<p>Inclus\u00e3o de comunidades tradicionais e coer\u00eancia nos compromissos clim\u00e1ticos s\u00e3o debatidos em encontro preparat\u00f3rio para a COP 30 Na tarde de ontem (14), em encontro promovido pelo PSOL para reunir contribui\u00e7\u00f5es da sociedade civil aos encaminhamentos brasileiros na COP 30,&#8230;<\/p>\n","protected":false},"author":8,"featured_media":31070,"comment_status":"open","ping_status":"closed","sticky":false,"template":"","format":"standard","meta":{"_eb_attr":"","_themeisle_gutenberg_block_has_review":false,"footnotes":""},"categories":[271],"tags":[260,275,280,535,412,332,536,537,538,539,540,541,542,369,386,543,544],"class_list":["post-29948","post","type-post","status-publish","format-standard","has-post-thumbnail","hentry","category-cop30","tag-amazon-climate-hub","tag-belem","tag-compromissos-globais-climaticos","tag-comunidades","tag-cop-na-amazonia","tag-cop30","tag-deputado-ivan-valente","tag-exploracao-de-petroleo-na-foz-do-amazonas","tag-fundo-florestas-tropicais-para-sempre","tag-guajajara","tag-lobby-do-petroleo","tag-phase-out-do-carvao","tag-pl-da-devastacao","tag-povos-das-florestas","tag-povos-indigenas","tag-psol","tag-unoc"],"yoast_head":"<!-- This site is optimized with the Yoast SEO plugin v26.2 - https:\/\/yoast.com\/wordpress\/plugins\/seo\/ -->\n<title>Inclus\u00e3o de comunidades tradicionais e coer\u00eancia nos compromissos clim\u00e1ticos s\u00e3o debatidos em encontro preparat\u00f3rio para a COP 30 - Amazon Climate Hub<\/title>\n<meta name=\"description\" content=\"O evento reuniu representantes de organiza\u00e7\u00f5es da sociedade civil, coletivos e parlamentares de diferentes esferas. Representando o Instituto Internacional ARAYARA, a coordenadora de Advocacy, Renata Prata, defendeu a amplia\u00e7\u00e3o da participa\u00e7\u00e3o no C\u00edrculo dos Povos, de forma a incluir comunidades quilombolas, pescadores artesanais, ribeirinhos e demais povos e comunidades tradicionais. Ela tamb\u00e9m destacou a import\u00e2ncia de garantir coer\u00eancia entre os compromissos internacionais assumidos pelo Brasil \u2014 como o acordo firmado na 3\u00aa Confer\u00eancia da ONU sobre o Oceano (UNOC3) para o phase out dos combust\u00edveis f\u00f3sseis no mar, que precisa ser incorporado \u00e0 pauta da COP \u2014 e o compromisso de eliminar a polui\u00e7\u00e3o pl\u00e1stica nos oceanos, atualmente amea\u00e7ado pelas press\u00f5es do lobby do petr\u00f3leo e g\u00e1s.\" \/>\n<meta name=\"robots\" content=\"index, follow, max-snippet:-1, max-image-preview:large, max-video-preview:-1\" \/>\n<link rel=\"canonical\" href=\"https:\/\/amazonclimatehub.org\/?p=29948\" \/>\n<meta property=\"og:locale\" content=\"pt_BR\" \/>\n<meta property=\"og:type\" content=\"article\" \/>\n<meta property=\"og:title\" content=\"Inclus\u00e3o de comunidades tradicionais e coer\u00eancia nos compromissos clim\u00e1ticos s\u00e3o debatidos em encontro preparat\u00f3rio para a COP 30 - Amazon Climate Hub\" \/>\n<meta property=\"og:description\" content=\"O evento reuniu representantes de organiza\u00e7\u00f5es da sociedade civil, coletivos e parlamentares de diferentes esferas. Representando o Instituto Internacional ARAYARA, a coordenadora de Advocacy, Renata Prata, defendeu a amplia\u00e7\u00e3o da participa\u00e7\u00e3o no C\u00edrculo dos Povos, de forma a incluir comunidades quilombolas, pescadores artesanais, ribeirinhos e demais povos e comunidades tradicionais. Ela tamb\u00e9m destacou a import\u00e2ncia de garantir coer\u00eancia entre os compromissos internacionais assumidos pelo Brasil \u2014 como o acordo firmado na 3\u00aa Confer\u00eancia da ONU sobre o Oceano (UNOC3) para o phase out dos combust\u00edveis f\u00f3sseis no mar, que precisa ser incorporado \u00e0 pauta da COP \u2014 e o compromisso de eliminar a polui\u00e7\u00e3o pl\u00e1stica nos oceanos, atualmente amea\u00e7ado pelas press\u00f5es do lobby do petr\u00f3leo e g\u00e1s.\" \/>\n<meta property=\"og:url\" content=\"https:\/\/amazonclimatehub.org\/?p=29948\" \/>\n<meta property=\"og:site_name\" content=\"Amazon Climate Hub\" \/>\n<meta property=\"article:publisher\" content=\"https:\/\/www.facebook.com\/arayaraoficial\" \/>\n<meta property=\"article:published_time\" content=\"2025-08-15T19:14:37+00:00\" \/>\n<meta property=\"article:modified_time\" content=\"2025-10-13T21:57:19+00:00\" \/>\n<meta property=\"og:image\" content=\"https:\/\/amazonclimatehub.org\/wp-content\/uploads\/2025\/08\/COP30-ARAYARA-PSOL.png\" \/>\n\t<meta property=\"og:image:width\" content=\"1920\" \/>\n\t<meta property=\"og:image:height\" content=\"768\" \/>\n\t<meta property=\"og:image:type\" content=\"image\/png\" \/>\n<meta name=\"author\" content=\"Nivia Cerqueira\" \/>\n<meta name=\"twitter:card\" content=\"summary_large_image\" \/>\n<meta name=\"twitter:creator\" content=\"@arayaraoficial\" \/>\n<meta name=\"twitter:site\" content=\"@arayaraoficial\" \/>\n<meta name=\"twitter:label1\" content=\"Escrito por\" \/>\n\t<meta name=\"twitter:data1\" content=\"Nivia Cerqueira\" \/>\n\t<meta name=\"twitter:label2\" content=\"Est. tempo de leitura\" \/>\n\t<meta name=\"twitter:data2\" content=\"4 minutos\" \/>\n<script type=\"application\/ld+json\" class=\"yoast-schema-graph\">{\"@context\":\"https:\/\/schema.org\",\"@graph\":[{\"@type\":\"Article\",\"@id\":\"https:\/\/amazonclimatehub.org\/?p=29948#article\",\"isPartOf\":{\"@id\":\"https:\/\/amazonclimatehub.org\/?p=29948\"},\"author\":{\"name\":\"Nivia Cerqueira\",\"@id\":\"https:\/\/amazonclimatehub.org\/#\/schema\/person\/c9e0e08bee355119abf5e7788e4d8fba\"},\"headline\":\"Inclus\u00e3o de comunidades tradicionais e coer\u00eancia nos compromissos clim\u00e1ticos s\u00e3o debatidos em encontro preparat\u00f3rio para a COP 30\",\"datePublished\":\"2025-08-15T19:14:37+00:00\",\"dateModified\":\"2025-10-13T21:57:19+00:00\",\"mainEntityOfPage\":{\"@id\":\"https:\/\/amazonclimatehub.org\/?p=29948\"},\"wordCount\":657,\"commentCount\":0,\"publisher\":{\"@id\":\"https:\/\/amazonclimatehub.org\/#organization\"},\"image\":{\"@id\":\"https:\/\/amazonclimatehub.org\/?p=29948#primaryimage\"},\"thumbnailUrl\":\"https:\/\/amazonclimatehub.org\/wp-content\/uploads\/2025\/08\/COP30-ARAYARA-PSOL.png\",\"keywords\":[\"Amazon Climate Hub\",\"Bel\u00e9m\",\"Compromissos globais clim\u00e1ticos\",\"Comunidades\",\"COP na Amaz\u00f4nia\",\"COP30\",\"Deputado Ivan Valente\",\"Explora\u00e7\u00e3o de petr\u00f3leo na Foz do Amazonas\",\"Fundo Florestas Tropicais para Sempre\",\"Guajajara\",\"lobby do petr\u00f3leo\",\"phase out do carv\u00e3o\",\"PL da devasta\u00e7\u00e3o\",\"povos das florestas\",\"Povos ind\u00edgenas\",\"Psol\",\"unoc\"],\"articleSection\":[\"COP30\"],\"inLanguage\":\"pt-BR\",\"potentialAction\":[{\"@type\":\"CommentAction\",\"name\":\"Comment\",\"target\":[\"https:\/\/amazonclimatehub.org\/?p=29948#respond\"]}]},{\"@type\":\"WebPage\",\"@id\":\"https:\/\/amazonclimatehub.org\/?p=29948\",\"url\":\"https:\/\/amazonclimatehub.org\/?p=29948\",\"name\":\"Inclus\u00e3o de comunidades tradicionais e coer\u00eancia nos compromissos clim\u00e1ticos s\u00e3o debatidos em encontro preparat\u00f3rio para a COP 30 - Amazon Climate Hub\",\"isPartOf\":{\"@id\":\"https:\/\/amazonclimatehub.org\/#website\"},\"primaryImageOfPage\":{\"@id\":\"https:\/\/amazonclimatehub.org\/?p=29948#primaryimage\"},\"image\":{\"@id\":\"https:\/\/amazonclimatehub.org\/?p=29948#primaryimage\"},\"thumbnailUrl\":\"https:\/\/amazonclimatehub.org\/wp-content\/uploads\/2025\/08\/COP30-ARAYARA-PSOL.png\",\"datePublished\":\"2025-08-15T19:14:37+00:00\",\"dateModified\":\"2025-10-13T21:57:19+00:00\",\"description\":\"O evento reuniu representantes de organiza\u00e7\u00f5es da sociedade civil, coletivos e parlamentares de diferentes esferas. Representando o Instituto Internacional ARAYARA, a coordenadora de Advocacy, Renata Prata, defendeu a amplia\u00e7\u00e3o da participa\u00e7\u00e3o no C\u00edrculo dos Povos, de forma a incluir comunidades quilombolas, pescadores artesanais, ribeirinhos e demais povos e comunidades tradicionais. Ela tamb\u00e9m destacou a import\u00e2ncia de garantir coer\u00eancia entre os compromissos internacionais assumidos pelo Brasil \u2014 como o acordo firmado na 3\u00aa Confer\u00eancia da ONU sobre o Oceano (UNOC3) para o phase out dos combust\u00edveis f\u00f3sseis no mar, que precisa ser incorporado \u00e0 pauta da COP \u2014 e o compromisso de eliminar a polui\u00e7\u00e3o pl\u00e1stica nos oceanos, atualmente amea\u00e7ado pelas press\u00f5es do lobby do petr\u00f3leo e g\u00e1s.\",\"breadcrumb\":{\"@id\":\"https:\/\/amazonclimatehub.org\/?p=29948#breadcrumb\"},\"inLanguage\":\"pt-BR\",\"potentialAction\":[{\"@type\":\"ReadAction\",\"target\":[\"https:\/\/amazonclimatehub.org\/?p=29948\"]}]},{\"@type\":\"ImageObject\",\"inLanguage\":\"pt-BR\",\"@id\":\"https:\/\/amazonclimatehub.org\/?p=29948#primaryimage\",\"url\":\"https:\/\/amazonclimatehub.org\/wp-content\/uploads\/2025\/08\/COP30-ARAYARA-PSOL.png\",\"contentUrl\":\"https:\/\/amazonclimatehub.org\/wp-content\/uploads\/2025\/08\/COP30-ARAYARA-PSOL.png\",\"width\":1920,\"height\":768},{\"@type\":\"BreadcrumbList\",\"@id\":\"https:\/\/amazonclimatehub.org\/?p=29948#breadcrumb\",\"itemListElement\":[{\"@type\":\"ListItem\",\"position\":1,\"name\":\"In\u00edcio\",\"item\":\"https:\/\/amazonclimatehub.org\/\"},{\"@type\":\"ListItem\",\"position\":2,\"name\":\"Inclus\u00e3o de comunidades tradicionais e coer\u00eancia nos compromissos clim\u00e1ticos s\u00e3o debatidos em encontro preparat\u00f3rio para a COP 30\"}]},{\"@type\":\"WebSite\",\"@id\":\"https:\/\/amazonclimatehub.org\/#website\",\"url\":\"https:\/\/amazonclimatehub.org\/\",\"name\":\"Amazon Climate Hub\",\"description\":\"A Casa da ARAYARA na COP30\",\"publisher\":{\"@id\":\"https:\/\/amazonclimatehub.org\/#organization\"},\"potentialAction\":[{\"@type\":\"SearchAction\",\"target\":{\"@type\":\"EntryPoint\",\"urlTemplate\":\"https:\/\/amazonclimatehub.org\/?s={search_term_string}\"},\"query-input\":{\"@type\":\"PropertyValueSpecification\",\"valueRequired\":true,\"valueName\":\"search_term_string\"}}],\"inLanguage\":\"pt-BR\"},{\"@type\":\"Organization\",\"@id\":\"https:\/\/amazonclimatehub.org\/#organization\",\"name\":\"ARAYARA\",\"url\":\"https:\/\/amazonclimatehub.org\/\",\"logo\":{\"@type\":\"ImageObject\",\"inLanguage\":\"pt-BR\",\"@id\":\"https:\/\/amazonclimatehub.org\/#\/schema\/logo\/image\/\",\"url\":\"https:\/\/amazonclimatehub.org\/wp-content\/uploads\/2025\/08\/Logo-ARAYARA-AMAZON-CLIMATE-HUB-seo@150x-100-scaled.jpg\",\"contentUrl\":\"https:\/\/amazonclimatehub.org\/wp-content\/uploads\/2025\/08\/Logo-ARAYARA-AMAZON-CLIMATE-HUB-seo@150x-100-scaled.jpg\",\"width\":2560,\"height\":1440,\"caption\":\"ARAYARA\"},\"image\":{\"@id\":\"https:\/\/amazonclimatehub.org\/#\/schema\/logo\/image\/\"},\"sameAs\":[\"https:\/\/www.facebook.com\/arayaraoficial\",\"https:\/\/x.com\/arayaraoficial\",\"https:\/\/www.instagram.com\/arayaraoficial\/\",\"https:\/\/www.youtube.com\/@ArayaraOficial\",\"https:\/\/www.linkedin.com\/company\/instituto-internacional-arayara\/\"]},{\"@type\":\"Person\",\"@id\":\"https:\/\/amazonclimatehub.org\/#\/schema\/person\/c9e0e08bee355119abf5e7788e4d8fba\",\"name\":\"Nivia Cerqueira\",\"image\":{\"@type\":\"ImageObject\",\"inLanguage\":\"pt-BR\",\"@id\":\"https:\/\/amazonclimatehub.org\/#\/schema\/person\/image\/\",\"url\":\"https:\/\/secure.gravatar.com\/avatar\/86b576a5601953f8a95750769820944ffe60db153215c1aa4cc529fe2da7d653?s=96&d=mm&r=g\",\"contentUrl\":\"https:\/\/secure.gravatar.com\/avatar\/86b576a5601953f8a95750769820944ffe60db153215c1aa4cc529fe2da7d653?s=96&d=mm&r=g\",\"caption\":\"Nivia Cerqueira\"},\"url\":\"https:\/\/amazonclimatehub.org\/?author=8\"}]}<\/script>\n<!-- \/ Yoast SEO plugin. -->","yoast_head_json":{"title":"Inclus\u00e3o de comunidades tradicionais e coer\u00eancia nos compromissos clim\u00e1ticos s\u00e3o debatidos em encontro preparat\u00f3rio para a COP 30 - Amazon Climate Hub","description":"O evento reuniu representantes de organiza\u00e7\u00f5es da sociedade civil, coletivos e parlamentares de diferentes esferas. Representando o Instituto Internacional ARAYARA, a coordenadora de Advocacy, Renata Prata, defendeu a amplia\u00e7\u00e3o da participa\u00e7\u00e3o no C\u00edrculo dos Povos, de forma a incluir comunidades quilombolas, pescadores artesanais, ribeirinhos e demais povos e comunidades tradicionais. Ela tamb\u00e9m destacou a import\u00e2ncia de garantir coer\u00eancia entre os compromissos internacionais assumidos pelo Brasil \u2014 como o acordo firmado na 3\u00aa Confer\u00eancia da ONU sobre o Oceano (UNOC3) para o phase out dos combust\u00edveis f\u00f3sseis no mar, que precisa ser incorporado \u00e0 pauta da COP \u2014 e o compromisso de eliminar a polui\u00e7\u00e3o pl\u00e1stica nos oceanos, atualmente amea\u00e7ado pelas press\u00f5es do lobby do petr\u00f3leo e g\u00e1s.","robots":{"index":"index","follow":"follow","max-snippet":"max-snippet:-1","max-image-preview":"max-image-preview:large","max-video-preview":"max-video-preview:-1"},"canonical":"https:\/\/amazonclimatehub.org\/?p=29948","og_locale":"pt_BR","og_type":"article","og_title":"Inclus\u00e3o de comunidades tradicionais e coer\u00eancia nos compromissos clim\u00e1ticos s\u00e3o debatidos em encontro preparat\u00f3rio para a COP 30 - Amazon Climate Hub","og_description":"O evento reuniu representantes de organiza\u00e7\u00f5es da sociedade civil, coletivos e parlamentares de diferentes esferas. Representando o Instituto Internacional ARAYARA, a coordenadora de Advocacy, Renata Prata, defendeu a amplia\u00e7\u00e3o da participa\u00e7\u00e3o no C\u00edrculo dos Povos, de forma a incluir comunidades quilombolas, pescadores artesanais, ribeirinhos e demais povos e comunidades tradicionais. Ela tamb\u00e9m destacou a import\u00e2ncia de garantir coer\u00eancia entre os compromissos internacionais assumidos pelo Brasil \u2014 como o acordo firmado na 3\u00aa Confer\u00eancia da ONU sobre o Oceano (UNOC3) para o phase out dos combust\u00edveis f\u00f3sseis no mar, que precisa ser incorporado \u00e0 pauta da COP \u2014 e o compromisso de eliminar a polui\u00e7\u00e3o pl\u00e1stica nos oceanos, atualmente amea\u00e7ado pelas press\u00f5es do lobby do petr\u00f3leo e g\u00e1s.","og_url":"https:\/\/amazonclimatehub.org\/?p=29948","og_site_name":"Amazon Climate Hub","article_publisher":"https:\/\/www.facebook.com\/arayaraoficial","article_published_time":"2025-08-15T19:14:37+00:00","article_modified_time":"2025-10-13T21:57:19+00:00","og_image":[{"width":1920,"height":768,"url":"https:\/\/amazonclimatehub.org\/wp-content\/uploads\/2025\/08\/COP30-ARAYARA-PSOL.png","type":"image\/png"}],"author":"Nivia Cerqueira","twitter_card":"summary_large_image","twitter_creator":"@arayaraoficial","twitter_site":"@arayaraoficial","twitter_misc":{"Escrito por":"Nivia Cerqueira","Est. tempo de leitura":"4 minutos"},"schema":{"@context":"https:\/\/schema.org","@graph":[{"@type":"Article","@id":"https:\/\/amazonclimatehub.org\/?p=29948#article","isPartOf":{"@id":"https:\/\/amazonclimatehub.org\/?p=29948"},"author":{"name":"Nivia Cerqueira","@id":"https:\/\/amazonclimatehub.org\/#\/schema\/person\/c9e0e08bee355119abf5e7788e4d8fba"},"headline":"Inclus\u00e3o de comunidades tradicionais e coer\u00eancia nos compromissos clim\u00e1ticos s\u00e3o debatidos em encontro preparat\u00f3rio para a COP 30","datePublished":"2025-08-15T19:14:37+00:00","dateModified":"2025-10-13T21:57:19+00:00","mainEntityOfPage":{"@id":"https:\/\/amazonclimatehub.org\/?p=29948"},"wordCount":657,"commentCount":0,"publisher":{"@id":"https:\/\/amazonclimatehub.org\/#organization"},"image":{"@id":"https:\/\/amazonclimatehub.org\/?p=29948#primaryimage"},"thumbnailUrl":"https:\/\/amazonclimatehub.org\/wp-content\/uploads\/2025\/08\/COP30-ARAYARA-PSOL.png","keywords":["Amazon Climate Hub","Bel\u00e9m","Compromissos globais clim\u00e1ticos","Comunidades","COP na Amaz\u00f4nia","COP30","Deputado Ivan Valente","Explora\u00e7\u00e3o de petr\u00f3leo na Foz do Amazonas","Fundo Florestas Tropicais para Sempre","Guajajara","lobby do petr\u00f3leo","phase out do carv\u00e3o","PL da devasta\u00e7\u00e3o","povos das florestas","Povos ind\u00edgenas","Psol","unoc"],"articleSection":["COP30"],"inLanguage":"pt-BR","potentialAction":[{"@type":"CommentAction","name":"Comment","target":["https:\/\/amazonclimatehub.org\/?p=29948#respond"]}]},{"@type":"WebPage","@id":"https:\/\/amazonclimatehub.org\/?p=29948","url":"https:\/\/amazonclimatehub.org\/?p=29948","name":"Inclus\u00e3o de comunidades tradicionais e coer\u00eancia nos compromissos clim\u00e1ticos s\u00e3o debatidos em encontro preparat\u00f3rio para a COP 30 - Amazon Climate Hub","isPartOf":{"@id":"https:\/\/amazonclimatehub.org\/#website"},"primaryImageOfPage":{"@id":"https:\/\/amazonclimatehub.org\/?p=29948#primaryimage"},"image":{"@id":"https:\/\/amazonclimatehub.org\/?p=29948#primaryimage"},"thumbnailUrl":"https:\/\/amazonclimatehub.org\/wp-content\/uploads\/2025\/08\/COP30-ARAYARA-PSOL.png","datePublished":"2025-08-15T19:14:37+00:00","dateModified":"2025-10-13T21:57:19+00:00","description":"O evento reuniu representantes de organiza\u00e7\u00f5es da sociedade civil, coletivos e parlamentares de diferentes esferas. Representando o Instituto Internacional ARAYARA, a coordenadora de Advocacy, Renata Prata, defendeu a amplia\u00e7\u00e3o da participa\u00e7\u00e3o no C\u00edrculo dos Povos, de forma a incluir comunidades quilombolas, pescadores artesanais, ribeirinhos e demais povos e comunidades tradicionais. Ela tamb\u00e9m destacou a import\u00e2ncia de garantir coer\u00eancia entre os compromissos internacionais assumidos pelo Brasil \u2014 como o acordo firmado na 3\u00aa Confer\u00eancia da ONU sobre o Oceano (UNOC3) para o phase out dos combust\u00edveis f\u00f3sseis no mar, que precisa ser incorporado \u00e0 pauta da COP \u2014 e o compromisso de eliminar a polui\u00e7\u00e3o pl\u00e1stica nos oceanos, atualmente amea\u00e7ado pelas press\u00f5es do lobby do petr\u00f3leo e g\u00e1s.","breadcrumb":{"@id":"https:\/\/amazonclimatehub.org\/?p=29948#breadcrumb"},"inLanguage":"pt-BR","potentialAction":[{"@type":"ReadAction","target":["https:\/\/amazonclimatehub.org\/?p=29948"]}]},{"@type":"ImageObject","inLanguage":"pt-BR","@id":"https:\/\/amazonclimatehub.org\/?p=29948#primaryimage","url":"https:\/\/amazonclimatehub.org\/wp-content\/uploads\/2025\/08\/COP30-ARAYARA-PSOL.png","contentUrl":"https:\/\/amazonclimatehub.org\/wp-content\/uploads\/2025\/08\/COP30-ARAYARA-PSOL.png","width":1920,"height":768},{"@type":"BreadcrumbList","@id":"https:\/\/amazonclimatehub.org\/?p=29948#breadcrumb","itemListElement":[{"@type":"ListItem","position":1,"name":"In\u00edcio","item":"https:\/\/amazonclimatehub.org\/"},{"@type":"ListItem","position":2,"name":"Inclus\u00e3o de comunidades tradicionais e coer\u00eancia nos compromissos clim\u00e1ticos s\u00e3o debatidos em encontro preparat\u00f3rio para a COP 30"}]},{"@type":"WebSite","@id":"https:\/\/amazonclimatehub.org\/#website","url":"https:\/\/amazonclimatehub.org\/","name":"Amazon Climate Hub","description":"A Casa da ARAYARA na COP30","publisher":{"@id":"https:\/\/amazonclimatehub.org\/#organization"},"potentialAction":[{"@type":"SearchAction","target":{"@type":"EntryPoint","urlTemplate":"https:\/\/amazonclimatehub.org\/?s={search_term_string}"},"query-input":{"@type":"PropertyValueSpecification","valueRequired":true,"valueName":"search_term_string"}}],"inLanguage":"pt-BR"},{"@type":"Organization","@id":"https:\/\/amazonclimatehub.org\/#organization","name":"ARAYARA","url":"https:\/\/amazonclimatehub.org\/","logo":{"@type":"ImageObject","inLanguage":"pt-BR","@id":"https:\/\/amazonclimatehub.org\/#\/schema\/logo\/image\/","url":"https:\/\/amazonclimatehub.org\/wp-content\/uploads\/2025\/08\/Logo-ARAYARA-AMAZON-CLIMATE-HUB-seo@150x-100-scaled.jpg","contentUrl":"https:\/\/amazonclimatehub.org\/wp-content\/uploads\/2025\/08\/Logo-ARAYARA-AMAZON-CLIMATE-HUB-seo@150x-100-scaled.jpg","width":2560,"height":1440,"caption":"ARAYARA"},"image":{"@id":"https:\/\/amazonclimatehub.org\/#\/schema\/logo\/image\/"},"sameAs":["https:\/\/www.facebook.com\/arayaraoficial","https:\/\/x.com\/arayaraoficial","https:\/\/www.instagram.com\/arayaraoficial\/","https:\/\/www.youtube.com\/@ArayaraOficial","https:\/\/www.linkedin.com\/company\/instituto-internacional-arayara\/"]},{"@type":"Person","@id":"https:\/\/amazonclimatehub.org\/#\/schema\/person\/c9e0e08bee355119abf5e7788e4d8fba","name":"Nivia Cerqueira","image":{"@type":"ImageObject","inLanguage":"pt-BR","@id":"https:\/\/amazonclimatehub.org\/#\/schema\/person\/image\/","url":"https:\/\/secure.gravatar.com\/avatar\/86b576a5601953f8a95750769820944ffe60db153215c1aa4cc529fe2da7d653?s=96&d=mm&r=g","contentUrl":"https:\/\/secure.gravatar.com\/avatar\/86b576a5601953f8a95750769820944ffe60db153215c1aa4cc529fe2da7d653?s=96&d=mm&r=g","caption":"Nivia Cerqueira"},"url":"https:\/\/amazonclimatehub.org\/?author=8"}]}},"_links":{"self":[{"href":"https:\/\/amazonclimatehub.org\/index.php?rest_route=\/wp\/v2\/posts\/29948","targetHints":{"allow":["GET"]}}],"collection":[{"href":"https:\/\/amazonclimatehub.org\/index.php?rest_route=\/wp\/v2\/posts"}],"about":[{"href":"https:\/\/amazonclimatehub.org\/index.php?rest_route=\/wp\/v2\/types\/post"}],"author":[{"embeddable":true,"href":"https:\/\/amazonclimatehub.org\/index.php?rest_route=\/wp\/v2\/users\/8"}],"replies":[{"embeddable":true,"href":"https:\/\/amazonclimatehub.org\/index.php?rest_route=%2Fwp%2Fv2%2Fcomments&post=29948"}],"version-history":[{"count":2,"href":"https:\/\/amazonclimatehub.org\/index.php?rest_route=\/wp\/v2\/posts\/29948\/revisions"}],"predecessor-version":[{"id":31089,"href":"https:\/\/amazonclimatehub.org\/index.php?rest_route=\/wp\/v2\/posts\/29948\/revisions\/31089"}],"wp:featuredmedia":[{"embeddable":true,"href":"https:\/\/amazonclimatehub.org\/index.php?rest_route=\/wp\/v2\/media\/31070"}],"wp:attachment":[{"href":"https:\/\/amazonclimatehub.org\/index.php?rest_route=%2Fwp%2Fv2%2Fmedia&parent=29948"}],"wp:term":[{"taxonomy":"category","embeddable":true,"href":"https:\/\/amazonclimatehub.org\/index.php?rest_route=%2Fwp%2Fv2%2Fcategories&post=29948"},{"taxonomy":"post_tag","embeddable":true,"href":"https:\/\/amazonclimatehub.org\/index.php?rest_route=%2Fwp%2Fv2%2Ftags&post=29948"}],"curies":[{"name":"wp","href":"https:\/\/api.w.org\/{rel}","templated":true}]}}