{"id":29959,"date":"2025-08-13T17:47:02","date_gmt":"2025-08-13T20:47:02","guid":{"rendered":"https:\/\/arayara.org\/?p=29959"},"modified":"2025-08-13T17:47:02","modified_gmt":"2025-08-13T20:47:02","slug":"arayara-na-midia-organizacoes-pressionam-brasil-a-defender-fim-da-expansao-de-petroleo-e-gas-na-amazonia-na-otca","status":"publish","type":"post","link":"https:\/\/amazonclimatehub.org\/?p=29959","title":{"rendered":"ARAYARA na M\u00eddia: Organiza\u00e7\u00f5es pressionam Brasil a defender fim da expans\u00e3o de petr\u00f3leo e g\u00e1s na Amaz\u00f4nia na OTCA"},"content":{"rendered":"<h1 class=\"content-publication-data__updated\">Esta semana, 22 organiza\u00e7\u00f5es e movimentos sociais brasileiros e da Am\u00e9rica Latina enviaram uma carta ao Itamaraty pedindo que o Brasil defenda o fim da expans\u00e3o de petr\u00f3leo e g\u00e1s na Amaz\u00f4nia durante a c\u00fapula da Organiza\u00e7\u00e3o do Tratado de Coopera\u00e7\u00e3o Amaz\u00f4nica (OTCA), marcada para 22 de agosto em Bogot\u00e1, na Col\u00f4mbia.<\/h1>\n<p>&nbsp;<\/p>\n<p class=\"content-publication-data__from\" title=\"Renata Turbiani, para o Um S\u00f3 Planeta\">Por Renata Turbiani, para o Um S\u00f3 Planeta<\/p>\n<p class=\"content-publication-data__updated\"><time datetime=\"2025-08-13T15:50:02.508-03:00\">13\/08\/2025 15h50\u00a0<\/time><span class=\"content-publication-data__updated-relative\">\u00a0<time datetime=\"2025-08-13T15:50:03.155-03:00\">Atualizado\u00a0<time class=\"content-publication-data__amp-timeago\" datetime=\"2025-08-13T18:50:03.155Z\">h\u00e1 22 horas<\/time><\/time><\/span><\/p>\n<div class=\"wall protected-content\">\n<div class=\"mc-column content-text active-extra-styles \" data-block-type=\"unstyled\" data-block-weight=\"58\" data-block-id=\"3\">\n<p class=\" content-text__container \" data-track-category=\"Link no Texto\" data-track-links=\"\">\u201cApesar do consenso cient\u00edfico e jur\u00eddico em torno da necessidade de interromper a expans\u00e3o dos combust\u00edveis f\u00f3sseis, incluindo decis\u00f5es recentes de tribunais internacionais, como a Corte Interamericana de Direitos Humanos e a Corte Internacional de Justicia, seguimos observando com preocupa\u00e7\u00e3o a abertura de novas frentes de explora\u00e7\u00e3o petrol\u00edfera e gas\u00edfera em diversos pa\u00edses da regi\u00e3o\u201d, diz o texto.<\/p>\n<\/div>\n<div class=\"cropped-block\">\n<div class=\"mc-column content-text active-extra-styles \" data-block-type=\"unstyled\" data-block-weight=\"31\" data-block-id=\"4\">\n<p class=\" content-text__container \" data-track-category=\"Link no Texto\" data-track-links=\"\">E segue: \u201cEsta contradi\u00e7\u00e3o entre os compromissos assumidos e as pr\u00e1ticas atuais amea\u00e7a comprometer n\u00e3o apenas os objetivos clim\u00e1ticos globais, mas tamb\u00e9m os direitos dos Povos Ind\u00edgenas e das comunidades locais\u201d.<\/p>\n<div class=\"cropped-block\">\n<div class=\"mc-column content-text active-extra-styles \" data-block-type=\"unstyled\" data-block-weight=\"78\" data-block-id=\"6\">\n<p class=\" content-text__container \" data-track-category=\"Link no Texto\" data-track-links=\"\">A carta, encaminhada ao ministro das Rela\u00e7\u00f5es Exteriores do Brasil, Mauro Vieira, e ao embaixador Jo\u00e3o Marcelo Galv\u00e3o de Queiroz, destaca ainda que, de acordo com o Painel Intergovernamental sobre Mudan\u00e7a do Clima (IPCC), aproximadamente\u00a0<strong>75% das emiss\u00f5es de CO2 globais<\/strong>\u00a0s\u00e3o provenientes da queima de combust\u00edveis f\u00f3sseis, e que a continua\u00e7\u00e3o da explora\u00e7\u00e3o e do financiamento desses combust\u00edveis, especialmente em \u00e1reas sens\u00edveis como a Amaz\u00f4nia, contradiz frontalmente a ci\u00eancia e os compromissos do\u00a0<a class=\"\" href=\"https:\/\/umsoplaneta.globo.com\/clima\/noticia\/2021\/04\/04\/o-que-e-o-acordo-de-paris-e-as-ndcs.ghtml\">Acordo de Paris.<\/a><\/p>\n<\/div>\n<\/div>\n<div class=\"cropped-block\">\n<div class=\"mc-column content-text active-extra-styles \" data-block-type=\"unstyled\" data-block-weight=\"59\" data-block-id=\"7\">\n<p class=\" content-text__container \" data-track-category=\"Link no Texto\" data-track-links=\"\">\u201c\u00c9 hora de dar um passo corajoso e tomar uma decis\u00e3o clara: n\u00e3o mais expans\u00e3o de combust\u00edveis f\u00f3sseis na Amaz\u00f4nia. A Declara\u00e7\u00e3o de Bogot\u00e1 deve refletir este compromisso e reconhecer a Amaz\u00f4nia como a primeira zona de exclus\u00e3o global para a explora\u00e7\u00e3o e produ\u00e7\u00e3o de petr\u00f3leo e g\u00e1s. N\u00e3o aceitaremos retrocessos em rela\u00e7\u00e3o a essa proposta\u201d, salientaram os signat\u00e1rios.<\/p>\n<\/div>\n<\/div>\n<div class=\"cropped-block\">\n<div class=\"mc-column content-text active-extra-styles \" data-block-type=\"unstyled\" data-block-weight=\"15\" data-block-id=\"8\">\n<p class=\" content-text__container \" data-track-category=\"Link no Texto\" data-track-links=\"\">Nesse sentido, eles recomendaram que a c\u00fapula da OTCA delibere sobre as seguintes a\u00e7\u00f5es priorit\u00e1rias:<\/p>\n<\/div>\n<\/div>\n<div class=\"cropped-block\">\n<div class=\"mc-column content-text active-extra-styles \" data-block-type=\"unstyled\" data-block-weight=\"28\" data-block-id=\"9\">\n<p class=\" content-text__container \" data-track-category=\"Link no Texto\" data-track-links=\"\">&#8211; Adotar uma decis\u00e3o regional que reconhe\u00e7a a Amaz\u00f4nia como zona de exclus\u00e3o para novas atividades de explora\u00e7\u00e3o e produ\u00e7\u00e3o de petr\u00f3leo e g\u00e1s, com vig\u00eancia imediata.<\/p>\n<\/div>\n<\/div>\n<div class=\"cropped-block\">\n<div class=\"mc-column content-text active-extra-styles \" data-block-type=\"unstyled\" data-block-weight=\"43\" data-block-id=\"11\">\n<p class=\" content-text__container \" data-track-category=\"Link no Texto\" data-track-links=\"\">&#8211; Estabelecer um Grupo de Trabalho intergovernamental e multissetorial, com participa\u00e7\u00e3o parit\u00e1ria, efetiva, ativa e digna dos Povos e organiza\u00e7\u00f5es Ind\u00edgenas, comunidades locais, especialistas e sociedade civil, com o mandato de desenvolver uma proposta regional para a transi\u00e7\u00e3o energ\u00e9tica justa na Amaz\u00f4nia.<\/p>\n<\/div>\n<\/div>\n<div class=\"cropped-block\">\n<div class=\"mc-column content-text active-extra-styles \" data-block-type=\"unstyled\" data-block-weight=\"23\" data-block-id=\"12\">\n<p class=\" content-text__container \" data-track-category=\"Link no Texto\" data-track-links=\"\">&#8211; Incorporar as demandas da sociedade civil expressas no processo formal de participa\u00e7\u00e3o social denominado \u201cDi\u00e1logos Amaz\u00f4nicos\u201d, \u00e0 n\u00edvel nacional e regional.<\/p>\n<\/div>\n<\/div>\n<div class=\"cropped-block\">\n<div class=\"mc-column content-text active-extra-styles \" data-block-type=\"unstyled\" data-block-weight=\"41\" data-block-id=\"13\">\n<p class=\" content-text__container \" data-track-category=\"Link no Texto\" data-track-links=\"\">\u201cA OTCA deve ser o espa\u00e7o onde os pa\u00edses amaz\u00f4nicos demonstrem coragem pol\u00edtica e assumam o protagonismo global. A c\u00fapula de Bogot\u00e1 precisa estabelecer as bases e o tom da COP30, com decis\u00f5es ambiciosas, claras e vinculantes\u201d, salientou a carta.<\/p>\n<\/div>\n<\/div>\n<div class=\"cropped-block\">\n<div class=\"mc-column content-text active-extra-styles\" data-block-type=\"raw\" data-block-weight=\"86\" data-block-id=\"14\">\n<p class=\"content-text__container\">\n<blockquote class=\"content-blockquote theme-border-color-primary-before\"><p>\u201cA constru\u00e7\u00e3o de um precedente regional que declare a Amaz\u00f4nia como zona vital livre de combust\u00edveis f\u00f3sseis e que lance os pilares de uma transi\u00e7\u00e3o justa ser\u00e1 a verdadeira demonstra\u00e7\u00e3o de lideran\u00e7a clim\u00e1tica. \u00c9 hora de agir com coragem e responsabilidade hist\u00f3rica. A COP30 em Bel\u00e9m representa uma oportunidade \u00fanica para que os pa\u00edses amaz\u00f4nicos liderem o caminho para um futuro justo, seguro e sustent\u00e1vel. A Amaz\u00f4nia n\u00e3o pode mais ser vista como fronteira de sacrif\u00edcio. Deve ser reconhecida como zona vital de vida e esperan\u00e7a\u201d.<\/p><\/blockquote>\n<p>&nbsp;<\/p>\n<\/div>\n<\/div>\n<div class=\"cropped-block\">\n<div class=\"mc-column content-text active-extra-styles \" data-block-type=\"unstyled\" data-block-weight=\"105\" data-block-id=\"15\">\n<p class=\" content-text__container \" data-track-category=\"Link no Texto\" data-track-links=\"\">Os signat\u00e1rios s\u00e3o: Coordena\u00e7\u00e3o das Organiza\u00e7\u00f5es Ind\u00edgenas da Amaz\u00f4nia Brasileira (Coiab), FASE &#8211; Solidariedade e Educa\u00e7\u00e3o, ClimaInfo, Observat\u00f3rio do Petr\u00f3leo e G\u00e1s (OPG), Coaliz\u00e3o N\u00e3o Fracking Brasil (COESUS), Climate Action Network Am\u00e9rica Latina (CANLA), Instituto Internacional ARAYARA, ARAYARA Foundation, Litig\u00e2ncia Clim\u00e1tica e de Direitos (LITIGA), Rede F\u00e9, Paz e Clima, Instituto de Sa\u00fade Ambiental (Toshisphera), Greenpeace Brasil, Stand.earth, 350.org Am\u00e9rica Latina, Coletivo Pororoka, Movimento dos Atingidos por Barragens (MAB), Observat\u00f3rio do Clima, Grupo de Trabalho Amaz\u00f4nico (Rede GTA), Plataforma Boliviana Frente al Cambio Clim\u00e1tico (PBFCC), Rede Eclesial Pan Amaz\u00f4nica (REPAM), Asociaci\u00f3n Interamericana para la Defensa del Ambiente (AIDA) e Iniciativa Cambio Climatico, Biodiversidad Amazonia (FOSPA).<\/p>\n<\/div>\n<\/div>\n<\/div>\n<p data-track-category=\"Link no Texto\" data-track-links=\"\">\n<\/div>\n<\/div>\n<p><a href=\"https:\/\/umsoplaneta.globo.com\/sociedade\/noticia\/2025\/08\/13\/organizacoes-pressionam-brasil-a-defender-fim-da-expansao-de-petroleo-e-gas-na-amazonia-na-otca.ghtml\"><strong>Fonte: G1<\/strong><\/a><\/p>\n<p>Foto: reprodu\u00e7\u00e3o\/ G1\/\u00a0Landsat\/Nasa<\/p>\n","protected":false},"excerpt":{"rendered":"<p>Esta semana, 22 organiza\u00e7\u00f5es e movimentos sociais brasileiros e da Am\u00e9rica Latina enviaram uma carta ao Itamaraty pedindo que o Brasil defenda o fim da expans\u00e3o de petr\u00f3leo e g\u00e1s na Amaz\u00f4nia durante a c\u00fapula da Organiza\u00e7\u00e3o do Tratado de&#8230;<\/p>\n","protected":false},"author":8,"featured_media":29960,"comment_status":"open","ping_status":"closed","sticky":false,"template":"epic_custom_post_template-25587","format":"standard","meta":{"_eb_attr":"","_themeisle_gutenberg_block_has_review":false,"footnotes":""},"categories":[271],"tags":[299,317,332,545,546,547,548,549,550,551,552,553,316,402],"class_list":["post-29959","post","type-post","status-publish","format-standard","has-post-thumbnail","hentry","category-cop30","tag-acordo-de-paris","tag-amazonia","tag-cop30","tag-corte-interamericana-de-direitos-humanos-e-a-corte-internacional-de-justicia","tag-dialogos-amazonicos","tag-exploracao-petrolifera","tag-grupo-de-trabalho","tag-ipcc","tag-mauro-vieira","tag-ministro-das-relacoes-exteriores-do-brasil","tag-otca","tag-painel-intergovernamental-sobre-mudancas-climaticas-ipcc","tag-transicao-energetica","tag-transicao-energetica-justa"],"yoast_head":"<!-- This site is optimized with the Yoast SEO plugin v26.2 - https:\/\/yoast.com\/wordpress\/plugins\/seo\/ -->\n<title>ARAYARA na M\u00eddia: Organiza\u00e7\u00f5es pressionam Brasil a defender fim da expans\u00e3o de petr\u00f3leo e g\u00e1s na Amaz\u00f4nia na OTCA - Amazon Climate Hub<\/title>\n<meta name=\"description\" content=\"Esta semana, 22 organiza\u00e7\u00f5es e movimentos sociais brasileiros e da Am\u00e9rica Latina enviaram uma carta ao Itamaraty pedindo que o Brasil defenda o fim da expans\u00e3o de petr\u00f3leo e g\u00e1s na Amaz\u00f4nia durante a c\u00fapula da Organiza\u00e7\u00e3o do Tratado de Coopera\u00e7\u00e3o Amaz\u00f4nica (OTCA), marcada para 22 de agosto em Bogot\u00e1, na Col\u00f4mbia.\" \/>\n<meta name=\"robots\" content=\"index, follow, max-snippet:-1, max-image-preview:large, max-video-preview:-1\" \/>\n<link rel=\"canonical\" href=\"https:\/\/amazonclimatehub.org\/?p=29959\" \/>\n<meta property=\"og:locale\" content=\"pt_BR\" \/>\n<meta property=\"og:type\" content=\"article\" \/>\n<meta property=\"og:title\" content=\"ARAYARA na M\u00eddia: Organiza\u00e7\u00f5es pressionam Brasil a defender fim da expans\u00e3o de petr\u00f3leo e g\u00e1s na Amaz\u00f4nia na OTCA - Amazon Climate Hub\" \/>\n<meta property=\"og:description\" content=\"Esta semana, 22 organiza\u00e7\u00f5es e movimentos sociais brasileiros e da Am\u00e9rica Latina enviaram uma carta ao Itamaraty pedindo que o Brasil defenda o fim da expans\u00e3o de petr\u00f3leo e g\u00e1s na Amaz\u00f4nia durante a c\u00fapula da Organiza\u00e7\u00e3o do Tratado de Coopera\u00e7\u00e3o Amaz\u00f4nica (OTCA), marcada para 22 de agosto em Bogot\u00e1, na Col\u00f4mbia.\" \/>\n<meta property=\"og:url\" content=\"https:\/\/amazonclimatehub.org\/?p=29959\" \/>\n<meta property=\"og:site_name\" content=\"Amazon Climate Hub\" \/>\n<meta property=\"article:publisher\" content=\"https:\/\/www.facebook.com\/arayaraoficial\" \/>\n<meta property=\"article:published_time\" content=\"2025-08-13T20:47:02+00:00\" \/>\n<meta name=\"author\" content=\"Nivia Cerqueira\" \/>\n<meta name=\"twitter:card\" content=\"summary_large_image\" \/>\n<meta name=\"twitter:creator\" content=\"@arayaraoficial\" \/>\n<meta name=\"twitter:site\" content=\"@arayaraoficial\" \/>\n<meta name=\"twitter:label1\" content=\"Escrito por\" \/>\n\t<meta name=\"twitter:data1\" content=\"Nivia Cerqueira\" \/>\n\t<meta name=\"twitter:label2\" content=\"Est. tempo de leitura\" \/>\n\t<meta name=\"twitter:data2\" content=\"4 minutos\" \/>\n<script type=\"application\/ld+json\" class=\"yoast-schema-graph\">{\"@context\":\"https:\/\/schema.org\",\"@graph\":[{\"@type\":\"Article\",\"@id\":\"https:\/\/amazonclimatehub.org\/?p=29959#article\",\"isPartOf\":{\"@id\":\"https:\/\/amazonclimatehub.org\/?p=29959\"},\"author\":{\"name\":\"Nivia Cerqueira\",\"@id\":\"https:\/\/amazonclimatehub.org\/#\/schema\/person\/c9e0e08bee355119abf5e7788e4d8fba\"},\"headline\":\"ARAYARA na M\u00eddia: Organiza\u00e7\u00f5es pressionam Brasil a defender fim da expans\u00e3o de petr\u00f3leo e g\u00e1s na Amaz\u00f4nia na OTCA\",\"datePublished\":\"2025-08-13T20:47:02+00:00\",\"mainEntityOfPage\":{\"@id\":\"https:\/\/amazonclimatehub.org\/?p=29959\"},\"wordCount\":784,\"commentCount\":0,\"publisher\":{\"@id\":\"https:\/\/amazonclimatehub.org\/#organization\"},\"image\":{\"@id\":\"https:\/\/amazonclimatehub.org\/?p=29959#primaryimage\"},\"thumbnailUrl\":\"\",\"keywords\":[\"Acordo de Paris\",\"Amaz\u00f4nia\",\"COP30\",\"Corte Interamericana de Direitos Humanos e a Corte Internacional de Justicia\",\"di\u00e1logos amaz\u00f4nicos\",\"explora\u00e7\u00e3o petrol\u00edfera\",\"Grupo de Trabalho\",\"IPCC\",\"Mauro Vieira\",\"ministro das Rela\u00e7\u00f5es Exteriores do Brasil\",\"OTCA\",\"Painel Intergovernamental sobre Mudan\u00e7as Clim\u00e1ticas (IPCC)\",\"transi\u00e7\u00e3o energ\u00e9tica\",\"transi\u00e7\u00e3o energ\u00e9tica justa\"],\"articleSection\":[\"COP30\"],\"inLanguage\":\"pt-BR\",\"potentialAction\":[{\"@type\":\"CommentAction\",\"name\":\"Comment\",\"target\":[\"https:\/\/amazonclimatehub.org\/?p=29959#respond\"]}]},{\"@type\":\"WebPage\",\"@id\":\"https:\/\/amazonclimatehub.org\/?p=29959\",\"url\":\"https:\/\/amazonclimatehub.org\/?p=29959\",\"name\":\"ARAYARA na M\u00eddia: Organiza\u00e7\u00f5es pressionam Brasil a defender fim da expans\u00e3o de petr\u00f3leo e g\u00e1s na Amaz\u00f4nia na OTCA - Amazon Climate Hub\",\"isPartOf\":{\"@id\":\"https:\/\/amazonclimatehub.org\/#website\"},\"primaryImageOfPage\":{\"@id\":\"https:\/\/amazonclimatehub.org\/?p=29959#primaryimage\"},\"image\":{\"@id\":\"https:\/\/amazonclimatehub.org\/?p=29959#primaryimage\"},\"thumbnailUrl\":\"\",\"datePublished\":\"2025-08-13T20:47:02+00:00\",\"description\":\"Esta semana, 22 organiza\u00e7\u00f5es e movimentos sociais brasileiros e da Am\u00e9rica Latina enviaram uma carta ao Itamaraty pedindo que o Brasil defenda o fim da expans\u00e3o de petr\u00f3leo e g\u00e1s na Amaz\u00f4nia durante a c\u00fapula da Organiza\u00e7\u00e3o do Tratado de Coopera\u00e7\u00e3o Amaz\u00f4nica (OTCA), marcada para 22 de agosto em Bogot\u00e1, na Col\u00f4mbia.\",\"breadcrumb\":{\"@id\":\"https:\/\/amazonclimatehub.org\/?p=29959#breadcrumb\"},\"inLanguage\":\"pt-BR\",\"potentialAction\":[{\"@type\":\"ReadAction\",\"target\":[\"https:\/\/amazonclimatehub.org\/?p=29959\"]}]},{\"@type\":\"ImageObject\",\"inLanguage\":\"pt-BR\",\"@id\":\"https:\/\/amazonclimatehub.org\/?p=29959#primaryimage\",\"url\":\"\",\"contentUrl\":\"\"},{\"@type\":\"BreadcrumbList\",\"@id\":\"https:\/\/amazonclimatehub.org\/?p=29959#breadcrumb\",\"itemListElement\":[{\"@type\":\"ListItem\",\"position\":1,\"name\":\"In\u00edcio\",\"item\":\"https:\/\/amazonclimatehub.org\/\"},{\"@type\":\"ListItem\",\"position\":2,\"name\":\"ARAYARA na M\u00eddia: Organiza\u00e7\u00f5es pressionam Brasil a defender fim da expans\u00e3o de petr\u00f3leo e g\u00e1s na Amaz\u00f4nia na OTCA\"}]},{\"@type\":\"WebSite\",\"@id\":\"https:\/\/amazonclimatehub.org\/#website\",\"url\":\"https:\/\/amazonclimatehub.org\/\",\"name\":\"Amazon Climate Hub\",\"description\":\"A Casa da ARAYARA na COP30\",\"publisher\":{\"@id\":\"https:\/\/amazonclimatehub.org\/#organization\"},\"potentialAction\":[{\"@type\":\"SearchAction\",\"target\":{\"@type\":\"EntryPoint\",\"urlTemplate\":\"https:\/\/amazonclimatehub.org\/?s={search_term_string}\"},\"query-input\":{\"@type\":\"PropertyValueSpecification\",\"valueRequired\":true,\"valueName\":\"search_term_string\"}}],\"inLanguage\":\"pt-BR\"},{\"@type\":\"Organization\",\"@id\":\"https:\/\/amazonclimatehub.org\/#organization\",\"name\":\"ARAYARA\",\"url\":\"https:\/\/amazonclimatehub.org\/\",\"logo\":{\"@type\":\"ImageObject\",\"inLanguage\":\"pt-BR\",\"@id\":\"https:\/\/amazonclimatehub.org\/#\/schema\/logo\/image\/\",\"url\":\"https:\/\/amazonclimatehub.org\/wp-content\/uploads\/2025\/08\/Logo-ARAYARA-AMAZON-CLIMATE-HUB-seo@150x-100-scaled.jpg\",\"contentUrl\":\"https:\/\/amazonclimatehub.org\/wp-content\/uploads\/2025\/08\/Logo-ARAYARA-AMAZON-CLIMATE-HUB-seo@150x-100-scaled.jpg\",\"width\":2560,\"height\":1440,\"caption\":\"ARAYARA\"},\"image\":{\"@id\":\"https:\/\/amazonclimatehub.org\/#\/schema\/logo\/image\/\"},\"sameAs\":[\"https:\/\/www.facebook.com\/arayaraoficial\",\"https:\/\/x.com\/arayaraoficial\",\"https:\/\/www.instagram.com\/arayaraoficial\/\",\"https:\/\/www.youtube.com\/@ArayaraOficial\",\"https:\/\/www.linkedin.com\/company\/instituto-internacional-arayara\/\"]},{\"@type\":\"Person\",\"@id\":\"https:\/\/amazonclimatehub.org\/#\/schema\/person\/c9e0e08bee355119abf5e7788e4d8fba\",\"name\":\"Nivia Cerqueira\",\"image\":{\"@type\":\"ImageObject\",\"inLanguage\":\"pt-BR\",\"@id\":\"https:\/\/amazonclimatehub.org\/#\/schema\/person\/image\/\",\"url\":\"https:\/\/secure.gravatar.com\/avatar\/86b576a5601953f8a95750769820944ffe60db153215c1aa4cc529fe2da7d653?s=96&d=mm&r=g\",\"contentUrl\":\"https:\/\/secure.gravatar.com\/avatar\/86b576a5601953f8a95750769820944ffe60db153215c1aa4cc529fe2da7d653?s=96&d=mm&r=g\",\"caption\":\"Nivia Cerqueira\"},\"url\":\"https:\/\/amazonclimatehub.org\/?author=8\"}]}<\/script>\n<!-- \/ Yoast SEO plugin. -->","yoast_head_json":{"title":"ARAYARA na M\u00eddia: Organiza\u00e7\u00f5es pressionam Brasil a defender fim da expans\u00e3o de petr\u00f3leo e g\u00e1s na Amaz\u00f4nia na OTCA - Amazon Climate Hub","description":"Esta semana, 22 organiza\u00e7\u00f5es e movimentos sociais brasileiros e da Am\u00e9rica Latina enviaram uma carta ao Itamaraty pedindo que o Brasil defenda o fim da expans\u00e3o de petr\u00f3leo e g\u00e1s na Amaz\u00f4nia durante a c\u00fapula da Organiza\u00e7\u00e3o do Tratado de Coopera\u00e7\u00e3o Amaz\u00f4nica (OTCA), marcada para 22 de agosto em Bogot\u00e1, na Col\u00f4mbia.","robots":{"index":"index","follow":"follow","max-snippet":"max-snippet:-1","max-image-preview":"max-image-preview:large","max-video-preview":"max-video-preview:-1"},"canonical":"https:\/\/amazonclimatehub.org\/?p=29959","og_locale":"pt_BR","og_type":"article","og_title":"ARAYARA na M\u00eddia: Organiza\u00e7\u00f5es pressionam Brasil a defender fim da expans\u00e3o de petr\u00f3leo e g\u00e1s na Amaz\u00f4nia na OTCA - Amazon Climate Hub","og_description":"Esta semana, 22 organiza\u00e7\u00f5es e movimentos sociais brasileiros e da Am\u00e9rica Latina enviaram uma carta ao Itamaraty pedindo que o Brasil defenda o fim da expans\u00e3o de petr\u00f3leo e g\u00e1s na Amaz\u00f4nia durante a c\u00fapula da Organiza\u00e7\u00e3o do Tratado de Coopera\u00e7\u00e3o Amaz\u00f4nica (OTCA), marcada para 22 de agosto em Bogot\u00e1, na Col\u00f4mbia.","og_url":"https:\/\/amazonclimatehub.org\/?p=29959","og_site_name":"Amazon Climate Hub","article_publisher":"https:\/\/www.facebook.com\/arayaraoficial","article_published_time":"2025-08-13T20:47:02+00:00","author":"Nivia Cerqueira","twitter_card":"summary_large_image","twitter_creator":"@arayaraoficial","twitter_site":"@arayaraoficial","twitter_misc":{"Escrito por":"Nivia Cerqueira","Est. tempo de leitura":"4 minutos"},"schema":{"@context":"https:\/\/schema.org","@graph":[{"@type":"Article","@id":"https:\/\/amazonclimatehub.org\/?p=29959#article","isPartOf":{"@id":"https:\/\/amazonclimatehub.org\/?p=29959"},"author":{"name":"Nivia Cerqueira","@id":"https:\/\/amazonclimatehub.org\/#\/schema\/person\/c9e0e08bee355119abf5e7788e4d8fba"},"headline":"ARAYARA na M\u00eddia: Organiza\u00e7\u00f5es pressionam Brasil a defender fim da expans\u00e3o de petr\u00f3leo e g\u00e1s na Amaz\u00f4nia na OTCA","datePublished":"2025-08-13T20:47:02+00:00","mainEntityOfPage":{"@id":"https:\/\/amazonclimatehub.org\/?p=29959"},"wordCount":784,"commentCount":0,"publisher":{"@id":"https:\/\/amazonclimatehub.org\/#organization"},"image":{"@id":"https:\/\/amazonclimatehub.org\/?p=29959#primaryimage"},"thumbnailUrl":"","keywords":["Acordo de Paris","Amaz\u00f4nia","COP30","Corte Interamericana de Direitos Humanos e a Corte Internacional de Justicia","di\u00e1logos amaz\u00f4nicos","explora\u00e7\u00e3o petrol\u00edfera","Grupo de Trabalho","IPCC","Mauro Vieira","ministro das Rela\u00e7\u00f5es Exteriores do Brasil","OTCA","Painel Intergovernamental sobre Mudan\u00e7as Clim\u00e1ticas (IPCC)","transi\u00e7\u00e3o energ\u00e9tica","transi\u00e7\u00e3o energ\u00e9tica justa"],"articleSection":["COP30"],"inLanguage":"pt-BR","potentialAction":[{"@type":"CommentAction","name":"Comment","target":["https:\/\/amazonclimatehub.org\/?p=29959#respond"]}]},{"@type":"WebPage","@id":"https:\/\/amazonclimatehub.org\/?p=29959","url":"https:\/\/amazonclimatehub.org\/?p=29959","name":"ARAYARA na M\u00eddia: Organiza\u00e7\u00f5es pressionam Brasil a defender fim da expans\u00e3o de petr\u00f3leo e g\u00e1s na Amaz\u00f4nia na OTCA - Amazon Climate Hub","isPartOf":{"@id":"https:\/\/amazonclimatehub.org\/#website"},"primaryImageOfPage":{"@id":"https:\/\/amazonclimatehub.org\/?p=29959#primaryimage"},"image":{"@id":"https:\/\/amazonclimatehub.org\/?p=29959#primaryimage"},"thumbnailUrl":"","datePublished":"2025-08-13T20:47:02+00:00","description":"Esta semana, 22 organiza\u00e7\u00f5es e movimentos sociais brasileiros e da Am\u00e9rica Latina enviaram uma carta ao Itamaraty pedindo que o Brasil defenda o fim da expans\u00e3o de petr\u00f3leo e g\u00e1s na Amaz\u00f4nia durante a c\u00fapula da Organiza\u00e7\u00e3o do Tratado de Coopera\u00e7\u00e3o Amaz\u00f4nica (OTCA), marcada para 22 de agosto em Bogot\u00e1, na Col\u00f4mbia.","breadcrumb":{"@id":"https:\/\/amazonclimatehub.org\/?p=29959#breadcrumb"},"inLanguage":"pt-BR","potentialAction":[{"@type":"ReadAction","target":["https:\/\/amazonclimatehub.org\/?p=29959"]}]},{"@type":"ImageObject","inLanguage":"pt-BR","@id":"https:\/\/amazonclimatehub.org\/?p=29959#primaryimage","url":"","contentUrl":""},{"@type":"BreadcrumbList","@id":"https:\/\/amazonclimatehub.org\/?p=29959#breadcrumb","itemListElement":[{"@type":"ListItem","position":1,"name":"In\u00edcio","item":"https:\/\/amazonclimatehub.org\/"},{"@type":"ListItem","position":2,"name":"ARAYARA na M\u00eddia: Organiza\u00e7\u00f5es pressionam Brasil a defender fim da expans\u00e3o de petr\u00f3leo e g\u00e1s na Amaz\u00f4nia na OTCA"}]},{"@type":"WebSite","@id":"https:\/\/amazonclimatehub.org\/#website","url":"https:\/\/amazonclimatehub.org\/","name":"Amazon Climate Hub","description":"A Casa da ARAYARA na COP30","publisher":{"@id":"https:\/\/amazonclimatehub.org\/#organization"},"potentialAction":[{"@type":"SearchAction","target":{"@type":"EntryPoint","urlTemplate":"https:\/\/amazonclimatehub.org\/?s={search_term_string}"},"query-input":{"@type":"PropertyValueSpecification","valueRequired":true,"valueName":"search_term_string"}}],"inLanguage":"pt-BR"},{"@type":"Organization","@id":"https:\/\/amazonclimatehub.org\/#organization","name":"ARAYARA","url":"https:\/\/amazonclimatehub.org\/","logo":{"@type":"ImageObject","inLanguage":"pt-BR","@id":"https:\/\/amazonclimatehub.org\/#\/schema\/logo\/image\/","url":"https:\/\/amazonclimatehub.org\/wp-content\/uploads\/2025\/08\/Logo-ARAYARA-AMAZON-CLIMATE-HUB-seo@150x-100-scaled.jpg","contentUrl":"https:\/\/amazonclimatehub.org\/wp-content\/uploads\/2025\/08\/Logo-ARAYARA-AMAZON-CLIMATE-HUB-seo@150x-100-scaled.jpg","width":2560,"height":1440,"caption":"ARAYARA"},"image":{"@id":"https:\/\/amazonclimatehub.org\/#\/schema\/logo\/image\/"},"sameAs":["https:\/\/www.facebook.com\/arayaraoficial","https:\/\/x.com\/arayaraoficial","https:\/\/www.instagram.com\/arayaraoficial\/","https:\/\/www.youtube.com\/@ArayaraOficial","https:\/\/www.linkedin.com\/company\/instituto-internacional-arayara\/"]},{"@type":"Person","@id":"https:\/\/amazonclimatehub.org\/#\/schema\/person\/c9e0e08bee355119abf5e7788e4d8fba","name":"Nivia Cerqueira","image":{"@type":"ImageObject","inLanguage":"pt-BR","@id":"https:\/\/amazonclimatehub.org\/#\/schema\/person\/image\/","url":"https:\/\/secure.gravatar.com\/avatar\/86b576a5601953f8a95750769820944ffe60db153215c1aa4cc529fe2da7d653?s=96&d=mm&r=g","contentUrl":"https:\/\/secure.gravatar.com\/avatar\/86b576a5601953f8a95750769820944ffe60db153215c1aa4cc529fe2da7d653?s=96&d=mm&r=g","caption":"Nivia Cerqueira"},"url":"https:\/\/amazonclimatehub.org\/?author=8"}]}},"_links":{"self":[{"href":"https:\/\/amazonclimatehub.org\/index.php?rest_route=\/wp\/v2\/posts\/29959","targetHints":{"allow":["GET"]}}],"collection":[{"href":"https:\/\/amazonclimatehub.org\/index.php?rest_route=\/wp\/v2\/posts"}],"about":[{"href":"https:\/\/amazonclimatehub.org\/index.php?rest_route=\/wp\/v2\/types\/post"}],"author":[{"embeddable":true,"href":"https:\/\/amazonclimatehub.org\/index.php?rest_route=\/wp\/v2\/users\/8"}],"replies":[{"embeddable":true,"href":"https:\/\/amazonclimatehub.org\/index.php?rest_route=%2Fwp%2Fv2%2Fcomments&post=29959"}],"version-history":[{"count":0,"href":"https:\/\/amazonclimatehub.org\/index.php?rest_route=\/wp\/v2\/posts\/29959\/revisions"}],"wp:featuredmedia":[{"embeddable":true,"href":"https:\/\/amazonclimatehub.org\/index.php?rest_route=\/"}],"wp:attachment":[{"href":"https:\/\/amazonclimatehub.org\/index.php?rest_route=%2Fwp%2Fv2%2Fmedia&parent=29959"}],"wp:term":[{"taxonomy":"category","embeddable":true,"href":"https:\/\/amazonclimatehub.org\/index.php?rest_route=%2Fwp%2Fv2%2Fcategories&post=29959"},{"taxonomy":"post_tag","embeddable":true,"href":"https:\/\/amazonclimatehub.org\/index.php?rest_route=%2Fwp%2Fv2%2Ftags&post=29959"}],"curies":[{"name":"wp","href":"https:\/\/api.w.org\/{rel}","templated":true}]}}