{"id":30074,"date":"2025-08-27T14:59:24","date_gmt":"2025-08-27T17:59:24","guid":{"rendered":"https:\/\/arayara.org\/?p=30074"},"modified":"2025-08-27T14:59:24","modified_gmt":"2025-08-27T17:59:24","slug":"da-rio-92-a-cop30-tres-decadas-de-promessas-e-a-urgencia-de-sair-do-papel","status":"publish","type":"post","link":"https:\/\/amazonclimatehub.org\/?p=30074","title":{"rendered":"Da Rio-92 \u00e0 COP30: tr\u00eas d\u00e9cadas de promessas e a urg\u00eancia de sair do papel"},"content":{"rendered":"<h1><span style=\"font-weight: 400;\">Em 1992, l\u00edderes de mais de 170 pa\u00edses se reuniram no Rio de Janeiro para a Confer\u00eancia das Na\u00e7\u00f5es Unidas sobre Meio Ambiente e Desenvolvimento, conhecida como C\u00fapula da Terra ou, Eco-92. O encontro, que entrou para a hist\u00f3ria como <\/span><b>Rio-92<\/b><span style=\"font-weight: 400;\">, marcou o primeiro esfor\u00e7o global de conscientiza\u00e7\u00e3o sobre os limites ambientais do planeta e resultou em acordos fundamentais, como a Agenda 21 e a Conven\u00e7\u00e3o-Quadro das Na\u00e7\u00f5es Unidas sobre Mudan\u00e7a do Clima (UNFCCC).<\/span><\/h1>\n<h4>Por: Avenida Comunica\u00e7\u00e3o<\/h4>\n<p><span style=\"font-weight: 400;\">Pela conven\u00e7\u00e3o, todos os pa\u00edses presentes se comprometeram a <\/span><span style=\"font-weight: 400;\">implementar programas nacionais e\/ou regionais com medidas para mitigar a <a href=\"https:\/\/antigo.mma.gov.br\/component\/k2\/item\/15142-contribui%C3%A7%C3%B5es-para-o-documento-base.html\">mudan\u00e7a do clima <\/a>e se adaptar a ela, elaborando levantamentos de emiss\u00f5es de gases de efeito estufa, entre outras obriga\u00e7\u00f5es comuns. Ainda pela Conven\u00e7\u00e3o, as na\u00e7\u00f5es desenvolvidas acordaram em transferir recursos tecnol\u00f3gicos e financeiros para pa\u00edses em situa\u00e7\u00f5es mais vulner\u00e1veis, al\u00e9m de outras medidas.\u00a0<\/span><\/p>\n<p><span style=\"font-weight: 400;\">Foi a partir desse primeiro passo que nasceram as Confer\u00eancias das Partes (COPs), encontros anuais para negociar solu\u00e7\u00f5es contra a crise clim\u00e1tica.<\/span><\/p>\n<p><span style=\"font-weight: 400;\">De l\u00e1 para c\u00e1, alguns momentos se destacaram. Em 1997, o <a href=\"https:\/\/unfccc.int\/kyoto_protocol\">Protocolo de Kyoto<\/a> estabeleceu metas obrigat\u00f3rias de redu\u00e7\u00e3o de emiss\u00f5es para pa\u00edses desenvolvidos. J\u00e1 em 2015, em Paris, quase 200 na\u00e7\u00f5es firmaram o compromisso de manter o aumento da temperatura m\u00e9dia global abaixo de 2\u00b0C, preferencialmente a 1,5\u00b0C. O Acordo de Paris \u00e9, at\u00e9 hoje, a principal refer\u00eancia do esfor\u00e7o multilateral.<\/span><\/p>\n<p><span style=\"font-weight: 400;\">Mas as promessas n\u00e3o caminharam na velocidade necess\u00e1ria. Em 2009, na COP15, em Copenhague, pa\u00edses ricos anunciaram que <a href=\"https:\/\/www.reuters.com\/business\/environment\/wealthy-countries-met-global-climate-finance-goal-two-years-late-oecd-says-2024-05-29\/\">mobilizariam US$ 100 bilh\u00f5es anuais at\u00e9 2020<\/a> para apoiar os pa\u00edses em desenvolvimento. O valor s\u00f3 foi atingido, com atraso, em 2022. Enquanto isso, estimativas mostram que as necessidades de financiamento chegam a US$ 2,4 trilh\u00f5es por ano at\u00e9 2030.<\/span><\/p>\n<p><span style=\"font-weight: 400;\">As \u00faltimas confer\u00eancias expuseram esse descompasso. Em Glasgow (COP26), em 2021, avan\u00e7ou a regulamenta\u00e7\u00e3o do mercado de carbono, mas manteve-se a depend\u00eancia de combust\u00edveis f\u00f3sseis. No Egito (COP27), em 2022, foi criado o fundo de perdas e danos, mas os crit\u00e9rios de aporte e distribui\u00e7\u00e3o ainda s\u00e3o incertos. J\u00e1 em Dubai (COP28), em 2023, pela primeira vez um texto final reconheceu a necessidade de transi\u00e7\u00e3o para longe dos combust\u00edveis f\u00f3sseis, sem, no entanto, definir cronogramas ou metas claras.<\/span><\/p>\n<p><span style=\"font-weight: 400;\">A COP30, que ser\u00e1 realizada em Bel\u00e9m do Par\u00e1 em 2025, retoma esse fio hist\u00f3rico em um contexto mais cr\u00edtico: o mundo j\u00e1 ultrapassou temporariamente a barreira de 1,5\u00b0C de aquecimento. Para o Instituto Internacional Arayara, que acompanha de perto o processo, a diferen\u00e7a agora est\u00e1 no car\u00e1ter de urg\u00eancia: n\u00e3o basta reconhecer a gravidade da crise, \u00e9 preciso destravar recursos e implementar solu\u00e7\u00f5es que cheguem a quem mais precisa.<\/span><\/p>\n<p><span style=\"font-weight: 400;\">O Brasil, na presid\u00eancia da COP, promete colocar o <a href=\"https:\/\/cop30.br\/pt-br\/noticias-da-cop30\/diretora-do-gcf-defende-uma-nova-abordagem-para-alcancar-o-1-3-trilhao-de-dolares-para-clima\">financiamento clim\u00e1tico no centro das negocia\u00e7\u00f5es<\/a>. O desafio \u00e9 garantir que a transi\u00e7\u00e3o n\u00e3o reforce depend\u00eancias f\u00f3sseis ou tecnol\u00f3gicas, mas abra caminhos para energias limpas, justi\u00e7a social e protagonismo das comunidades vulner\u00e1veis.<\/span><\/p>\n<p><span style=\"font-weight: 400;\">Mais de tr\u00eas d\u00e9cadas depois da Rio-92, a humanidade j\u00e1 n\u00e3o pode se dar ao luxo de apenas entender que o mundo est\u00e1 em risco. O tempo das promessas passou; o que est\u00e1 em jogo em Bel\u00e9m \u00e9 a capacidade de transformar compromissos em realidade pr\u00e1tica.<\/span><\/p>\n","protected":false},"excerpt":{"rendered":"<p>Em 1992, l\u00edderes de mais de 170 pa\u00edses se reuniram no Rio de Janeiro para a Confer\u00eancia das Na\u00e7\u00f5es Unidas sobre Meio Ambiente e Desenvolvimento, conhecida como C\u00fapula da Terra ou, Eco-92. O encontro, que entrou para a hist\u00f3ria como&#8230;<\/p>\n","protected":false},"author":8,"featured_media":30082,"comment_status":"open","ping_status":"closed","sticky":false,"template":"epic_custom_post_template-25587","format":"standard","meta":{"_eb_attr":"","_themeisle_gutenberg_block_has_review":false,"footnotes":""},"categories":[271],"tags":[317,582,275,372,320,256,583,584,585,586,367,322,587,517,518,425,426,289,335,588,589,590,591,592,593,316],"class_list":["post-30074","post","type-post","status-publish","format-standard","has-post-thumbnail","hentry","category-cop30","tag-amazonia","tag-associacao-brasileira-de-bares-e-restaurantes-abrasel","tag-belem","tag-brasil","tag-combustiveis-fosseis","tag-cop-30","tag-cop-da-amazonia","tag-cop30-em-belem","tag-delegacoes","tag-encarecimento-dos-servicos","tag-energias-renovaveis","tag-exploracao-de-petroleo","tag-g20","tag-governo","tag-hospedagem","tag-meio-ambiente","tag-mobilizacao","tag-mudancas-climaticas","tag-onu","tag-passagens","tag-politicas-de-turismo-da-usp","tag-programa-capacita-cop30","tag-secretaria-extraordinaria-para-a-cop30","tag-tradutores","tag-transatlanticos","tag-transicao-energetica"],"yoast_head":"<!-- This site is optimized with the Yoast SEO plugin v26.2 - https:\/\/yoast.com\/wordpress\/plugins\/seo\/ -->\n<title>Da Rio-92 \u00e0 COP30: tr\u00eas d\u00e9cadas de promessas e a urg\u00eancia de sair do papel - Amazon Climate Hub<\/title>\n<meta name=\"description\" content=\"As \u00faltimas confer\u00eancias expuseram esse descompasso. Em Glasgow (COP26), em 2021, avan\u00e7ou a regulamenta\u00e7\u00e3o do mercado de carbono, mas manteve-se a depend\u00eancia de combust\u00edveis f\u00f3sseis. No Egito (COP27), em 2022, foi criado o fundo de perdas e danos, mas os crit\u00e9rios de aporte e distribui\u00e7\u00e3o ainda s\u00e3o incertos. J\u00e1 em Dubai (COP28), em 2023, pela primeira vez um texto final reconheceu a necessidade de transi\u00e7\u00e3o para longe dos combust\u00edveis f\u00f3sseis, sem, no entanto, definir cronogramas ou metas claras.A COP30, que ser\u00e1 realizada em Bel\u00e9m do Par\u00e1 em 2025, retoma esse fio hist\u00f3rico em um contexto mais cr\u00edtico: o mundo j\u00e1 ultrapassou temporariamente a barreira de 1,5\u00b0C de aquecimento. Para o Instituto Internacional Arayara, que acompanha de perto o processo, a diferen\u00e7a agora est\u00e1 no car\u00e1ter de urg\u00eancia: n\u00e3o basta reconhecer a gravidade da crise, \u00e9 preciso destravar recursos e implementar solu\u00e7\u00f5es que cheguem a quem mais precisa.\" \/>\n<meta name=\"robots\" content=\"index, follow, max-snippet:-1, max-image-preview:large, max-video-preview:-1\" \/>\n<link rel=\"canonical\" href=\"https:\/\/amazonclimatehub.org\/?p=30074\" \/>\n<meta property=\"og:locale\" content=\"pt_BR\" \/>\n<meta property=\"og:type\" content=\"article\" \/>\n<meta property=\"og:title\" content=\"Da Rio-92 \u00e0 COP30: tr\u00eas d\u00e9cadas de promessas e a urg\u00eancia de sair do papel - Amazon Climate Hub\" \/>\n<meta property=\"og:description\" content=\"As \u00faltimas confer\u00eancias expuseram esse descompasso. Em Glasgow (COP26), em 2021, avan\u00e7ou a regulamenta\u00e7\u00e3o do mercado de carbono, mas manteve-se a depend\u00eancia de combust\u00edveis f\u00f3sseis. No Egito (COP27), em 2022, foi criado o fundo de perdas e danos, mas os crit\u00e9rios de aporte e distribui\u00e7\u00e3o ainda s\u00e3o incertos. J\u00e1 em Dubai (COP28), em 2023, pela primeira vez um texto final reconheceu a necessidade de transi\u00e7\u00e3o para longe dos combust\u00edveis f\u00f3sseis, sem, no entanto, definir cronogramas ou metas claras.A COP30, que ser\u00e1 realizada em Bel\u00e9m do Par\u00e1 em 2025, retoma esse fio hist\u00f3rico em um contexto mais cr\u00edtico: o mundo j\u00e1 ultrapassou temporariamente a barreira de 1,5\u00b0C de aquecimento. Para o Instituto Internacional Arayara, que acompanha de perto o processo, a diferen\u00e7a agora est\u00e1 no car\u00e1ter de urg\u00eancia: n\u00e3o basta reconhecer a gravidade da crise, \u00e9 preciso destravar recursos e implementar solu\u00e7\u00f5es que cheguem a quem mais precisa.\" \/>\n<meta property=\"og:url\" content=\"https:\/\/amazonclimatehub.org\/?p=30074\" \/>\n<meta property=\"og:site_name\" content=\"Amazon Climate Hub\" \/>\n<meta property=\"article:publisher\" content=\"https:\/\/www.facebook.com\/arayaraoficial\" \/>\n<meta property=\"article:published_time\" content=\"2025-08-27T17:59:24+00:00\" \/>\n<meta name=\"author\" content=\"Nivia Cerqueira\" \/>\n<meta name=\"twitter:card\" content=\"summary_large_image\" \/>\n<meta name=\"twitter:creator\" content=\"@arayaraoficial\" \/>\n<meta name=\"twitter:site\" content=\"@arayaraoficial\" \/>\n<meta name=\"twitter:label1\" content=\"Escrito por\" \/>\n\t<meta name=\"twitter:data1\" content=\"Nivia Cerqueira\" \/>\n\t<meta name=\"twitter:label2\" content=\"Est. tempo de leitura\" \/>\n\t<meta name=\"twitter:data2\" content=\"4 minutos\" \/>\n<script type=\"application\/ld+json\" class=\"yoast-schema-graph\">{\"@context\":\"https:\/\/schema.org\",\"@graph\":[{\"@type\":\"Article\",\"@id\":\"https:\/\/amazonclimatehub.org\/?p=30074#article\",\"isPartOf\":{\"@id\":\"https:\/\/amazonclimatehub.org\/?p=30074\"},\"author\":{\"name\":\"Nivia Cerqueira\",\"@id\":\"https:\/\/amazonclimatehub.org\/#\/schema\/person\/c9e0e08bee355119abf5e7788e4d8fba\"},\"headline\":\"Da Rio-92 \u00e0 COP30: tr\u00eas d\u00e9cadas de promessas e a urg\u00eancia de sair do papel\",\"datePublished\":\"2025-08-27T17:59:24+00:00\",\"mainEntityOfPage\":{\"@id\":\"https:\/\/amazonclimatehub.org\/?p=30074\"},\"wordCount\":591,\"commentCount\":0,\"publisher\":{\"@id\":\"https:\/\/amazonclimatehub.org\/#organization\"},\"image\":{\"@id\":\"https:\/\/amazonclimatehub.org\/?p=30074#primaryimage\"},\"thumbnailUrl\":\"\",\"keywords\":[\"Amaz\u00f4nia\",\"Associa\u00e7\u00e3o Brasileira de Bares e Restaurantes (Abrasel)\",\"Bel\u00e9m\",\"Brasil\",\"combust\u00edveis f\u00f3sseis\",\"COP 30\",\"cop da amaz\u00f4nia\",\"COP30 em Bel\u00e9m\",\"delega\u00e7\u00f5es\",\"encarecimento dos servi\u00e7os\",\"energias renov\u00e1veis\",\"explora\u00e7ao de petroleo\",\"G20\",\"governo\",\"hospedagem\",\"meio ambiente\",\"Mobiliza\u00e7\u00e3o\",\"mudan\u00e7as clim\u00e1ticas\",\"ONU\",\"passagens\",\"pol\u00edticas de turismo da USP\",\"programa Capacita COP30\",\"Secretaria Extraordin\u00e1ria para a COP30\",\"tradutores\",\"transatl\u00e2nticos\",\"transi\u00e7\u00e3o energ\u00e9tica\"],\"articleSection\":[\"COP30\"],\"inLanguage\":\"pt-BR\",\"potentialAction\":[{\"@type\":\"CommentAction\",\"name\":\"Comment\",\"target\":[\"https:\/\/amazonclimatehub.org\/?p=30074#respond\"]}]},{\"@type\":\"WebPage\",\"@id\":\"https:\/\/amazonclimatehub.org\/?p=30074\",\"url\":\"https:\/\/amazonclimatehub.org\/?p=30074\",\"name\":\"Da Rio-92 \u00e0 COP30: tr\u00eas d\u00e9cadas de promessas e a urg\u00eancia de sair do papel - Amazon Climate Hub\",\"isPartOf\":{\"@id\":\"https:\/\/amazonclimatehub.org\/#website\"},\"primaryImageOfPage\":{\"@id\":\"https:\/\/amazonclimatehub.org\/?p=30074#primaryimage\"},\"image\":{\"@id\":\"https:\/\/amazonclimatehub.org\/?p=30074#primaryimage\"},\"thumbnailUrl\":\"\",\"datePublished\":\"2025-08-27T17:59:24+00:00\",\"description\":\"As \u00faltimas confer\u00eancias expuseram esse descompasso. Em Glasgow (COP26), em 2021, avan\u00e7ou a regulamenta\u00e7\u00e3o do mercado de carbono, mas manteve-se a depend\u00eancia de combust\u00edveis f\u00f3sseis. No Egito (COP27), em 2022, foi criado o fundo de perdas e danos, mas os crit\u00e9rios de aporte e distribui\u00e7\u00e3o ainda s\u00e3o incertos. J\u00e1 em Dubai (COP28), em 2023, pela primeira vez um texto final reconheceu a necessidade de transi\u00e7\u00e3o para longe dos combust\u00edveis f\u00f3sseis, sem, no entanto, definir cronogramas ou metas claras.A COP30, que ser\u00e1 realizada em Bel\u00e9m do Par\u00e1 em 2025, retoma esse fio hist\u00f3rico em um contexto mais cr\u00edtico: o mundo j\u00e1 ultrapassou temporariamente a barreira de 1,5\u00b0C de aquecimento. Para o Instituto Internacional Arayara, que acompanha de perto o processo, a diferen\u00e7a agora est\u00e1 no car\u00e1ter de urg\u00eancia: n\u00e3o basta reconhecer a gravidade da crise, \u00e9 preciso destravar recursos e implementar solu\u00e7\u00f5es que cheguem a quem mais precisa.\",\"breadcrumb\":{\"@id\":\"https:\/\/amazonclimatehub.org\/?p=30074#breadcrumb\"},\"inLanguage\":\"pt-BR\",\"potentialAction\":[{\"@type\":\"ReadAction\",\"target\":[\"https:\/\/amazonclimatehub.org\/?p=30074\"]}]},{\"@type\":\"ImageObject\",\"inLanguage\":\"pt-BR\",\"@id\":\"https:\/\/amazonclimatehub.org\/?p=30074#primaryimage\",\"url\":\"\",\"contentUrl\":\"\"},{\"@type\":\"BreadcrumbList\",\"@id\":\"https:\/\/amazonclimatehub.org\/?p=30074#breadcrumb\",\"itemListElement\":[{\"@type\":\"ListItem\",\"position\":1,\"name\":\"In\u00edcio\",\"item\":\"https:\/\/amazonclimatehub.org\/\"},{\"@type\":\"ListItem\",\"position\":2,\"name\":\"Da Rio-92 \u00e0 COP30: tr\u00eas d\u00e9cadas de promessas e a urg\u00eancia de sair do papel\"}]},{\"@type\":\"WebSite\",\"@id\":\"https:\/\/amazonclimatehub.org\/#website\",\"url\":\"https:\/\/amazonclimatehub.org\/\",\"name\":\"Amazon Climate Hub\",\"description\":\"A Casa da ARAYARA na COP30\",\"publisher\":{\"@id\":\"https:\/\/amazonclimatehub.org\/#organization\"},\"potentialAction\":[{\"@type\":\"SearchAction\",\"target\":{\"@type\":\"EntryPoint\",\"urlTemplate\":\"https:\/\/amazonclimatehub.org\/?s={search_term_string}\"},\"query-input\":{\"@type\":\"PropertyValueSpecification\",\"valueRequired\":true,\"valueName\":\"search_term_string\"}}],\"inLanguage\":\"pt-BR\"},{\"@type\":\"Organization\",\"@id\":\"https:\/\/amazonclimatehub.org\/#organization\",\"name\":\"ARAYARA\",\"url\":\"https:\/\/amazonclimatehub.org\/\",\"logo\":{\"@type\":\"ImageObject\",\"inLanguage\":\"pt-BR\",\"@id\":\"https:\/\/amazonclimatehub.org\/#\/schema\/logo\/image\/\",\"url\":\"https:\/\/amazonclimatehub.org\/wp-content\/uploads\/2025\/08\/Logo-ARAYARA-AMAZON-CLIMATE-HUB-seo@150x-100-scaled.jpg\",\"contentUrl\":\"https:\/\/amazonclimatehub.org\/wp-content\/uploads\/2025\/08\/Logo-ARAYARA-AMAZON-CLIMATE-HUB-seo@150x-100-scaled.jpg\",\"width\":2560,\"height\":1440,\"caption\":\"ARAYARA\"},\"image\":{\"@id\":\"https:\/\/amazonclimatehub.org\/#\/schema\/logo\/image\/\"},\"sameAs\":[\"https:\/\/www.facebook.com\/arayaraoficial\",\"https:\/\/x.com\/arayaraoficial\",\"https:\/\/www.instagram.com\/arayaraoficial\/\",\"https:\/\/www.youtube.com\/@ArayaraOficial\",\"https:\/\/www.linkedin.com\/company\/instituto-internacional-arayara\/\"]},{\"@type\":\"Person\",\"@id\":\"https:\/\/amazonclimatehub.org\/#\/schema\/person\/c9e0e08bee355119abf5e7788e4d8fba\",\"name\":\"Nivia Cerqueira\",\"image\":{\"@type\":\"ImageObject\",\"inLanguage\":\"pt-BR\",\"@id\":\"https:\/\/amazonclimatehub.org\/#\/schema\/person\/image\/\",\"url\":\"https:\/\/secure.gravatar.com\/avatar\/86b576a5601953f8a95750769820944ffe60db153215c1aa4cc529fe2da7d653?s=96&d=mm&r=g\",\"contentUrl\":\"https:\/\/secure.gravatar.com\/avatar\/86b576a5601953f8a95750769820944ffe60db153215c1aa4cc529fe2da7d653?s=96&d=mm&r=g\",\"caption\":\"Nivia Cerqueira\"},\"url\":\"https:\/\/amazonclimatehub.org\/?author=8\"}]}<\/script>\n<!-- \/ Yoast SEO plugin. -->","yoast_head_json":{"title":"Da Rio-92 \u00e0 COP30: tr\u00eas d\u00e9cadas de promessas e a urg\u00eancia de sair do papel - Amazon Climate Hub","description":"As \u00faltimas confer\u00eancias expuseram esse descompasso. Em Glasgow (COP26), em 2021, avan\u00e7ou a regulamenta\u00e7\u00e3o do mercado de carbono, mas manteve-se a depend\u00eancia de combust\u00edveis f\u00f3sseis. No Egito (COP27), em 2022, foi criado o fundo de perdas e danos, mas os crit\u00e9rios de aporte e distribui\u00e7\u00e3o ainda s\u00e3o incertos. J\u00e1 em Dubai (COP28), em 2023, pela primeira vez um texto final reconheceu a necessidade de transi\u00e7\u00e3o para longe dos combust\u00edveis f\u00f3sseis, sem, no entanto, definir cronogramas ou metas claras.A COP30, que ser\u00e1 realizada em Bel\u00e9m do Par\u00e1 em 2025, retoma esse fio hist\u00f3rico em um contexto mais cr\u00edtico: o mundo j\u00e1 ultrapassou temporariamente a barreira de 1,5\u00b0C de aquecimento. Para o Instituto Internacional Arayara, que acompanha de perto o processo, a diferen\u00e7a agora est\u00e1 no car\u00e1ter de urg\u00eancia: n\u00e3o basta reconhecer a gravidade da crise, \u00e9 preciso destravar recursos e implementar solu\u00e7\u00f5es que cheguem a quem mais precisa.","robots":{"index":"index","follow":"follow","max-snippet":"max-snippet:-1","max-image-preview":"max-image-preview:large","max-video-preview":"max-video-preview:-1"},"canonical":"https:\/\/amazonclimatehub.org\/?p=30074","og_locale":"pt_BR","og_type":"article","og_title":"Da Rio-92 \u00e0 COP30: tr\u00eas d\u00e9cadas de promessas e a urg\u00eancia de sair do papel - Amazon Climate Hub","og_description":"As \u00faltimas confer\u00eancias expuseram esse descompasso. Em Glasgow (COP26), em 2021, avan\u00e7ou a regulamenta\u00e7\u00e3o do mercado de carbono, mas manteve-se a depend\u00eancia de combust\u00edveis f\u00f3sseis. No Egito (COP27), em 2022, foi criado o fundo de perdas e danos, mas os crit\u00e9rios de aporte e distribui\u00e7\u00e3o ainda s\u00e3o incertos. J\u00e1 em Dubai (COP28), em 2023, pela primeira vez um texto final reconheceu a necessidade de transi\u00e7\u00e3o para longe dos combust\u00edveis f\u00f3sseis, sem, no entanto, definir cronogramas ou metas claras.A COP30, que ser\u00e1 realizada em Bel\u00e9m do Par\u00e1 em 2025, retoma esse fio hist\u00f3rico em um contexto mais cr\u00edtico: o mundo j\u00e1 ultrapassou temporariamente a barreira de 1,5\u00b0C de aquecimento. Para o Instituto Internacional Arayara, que acompanha de perto o processo, a diferen\u00e7a agora est\u00e1 no car\u00e1ter de urg\u00eancia: n\u00e3o basta reconhecer a gravidade da crise, \u00e9 preciso destravar recursos e implementar solu\u00e7\u00f5es que cheguem a quem mais precisa.","og_url":"https:\/\/amazonclimatehub.org\/?p=30074","og_site_name":"Amazon Climate Hub","article_publisher":"https:\/\/www.facebook.com\/arayaraoficial","article_published_time":"2025-08-27T17:59:24+00:00","author":"Nivia Cerqueira","twitter_card":"summary_large_image","twitter_creator":"@arayaraoficial","twitter_site":"@arayaraoficial","twitter_misc":{"Escrito por":"Nivia Cerqueira","Est. tempo de leitura":"4 minutos"},"schema":{"@context":"https:\/\/schema.org","@graph":[{"@type":"Article","@id":"https:\/\/amazonclimatehub.org\/?p=30074#article","isPartOf":{"@id":"https:\/\/amazonclimatehub.org\/?p=30074"},"author":{"name":"Nivia Cerqueira","@id":"https:\/\/amazonclimatehub.org\/#\/schema\/person\/c9e0e08bee355119abf5e7788e4d8fba"},"headline":"Da Rio-92 \u00e0 COP30: tr\u00eas d\u00e9cadas de promessas e a urg\u00eancia de sair do papel","datePublished":"2025-08-27T17:59:24+00:00","mainEntityOfPage":{"@id":"https:\/\/amazonclimatehub.org\/?p=30074"},"wordCount":591,"commentCount":0,"publisher":{"@id":"https:\/\/amazonclimatehub.org\/#organization"},"image":{"@id":"https:\/\/amazonclimatehub.org\/?p=30074#primaryimage"},"thumbnailUrl":"","keywords":["Amaz\u00f4nia","Associa\u00e7\u00e3o Brasileira de Bares e Restaurantes (Abrasel)","Bel\u00e9m","Brasil","combust\u00edveis f\u00f3sseis","COP 30","cop da amaz\u00f4nia","COP30 em Bel\u00e9m","delega\u00e7\u00f5es","encarecimento dos servi\u00e7os","energias renov\u00e1veis","explora\u00e7ao de petroleo","G20","governo","hospedagem","meio ambiente","Mobiliza\u00e7\u00e3o","mudan\u00e7as clim\u00e1ticas","ONU","passagens","pol\u00edticas de turismo da USP","programa Capacita COP30","Secretaria Extraordin\u00e1ria para a COP30","tradutores","transatl\u00e2nticos","transi\u00e7\u00e3o energ\u00e9tica"],"articleSection":["COP30"],"inLanguage":"pt-BR","potentialAction":[{"@type":"CommentAction","name":"Comment","target":["https:\/\/amazonclimatehub.org\/?p=30074#respond"]}]},{"@type":"WebPage","@id":"https:\/\/amazonclimatehub.org\/?p=30074","url":"https:\/\/amazonclimatehub.org\/?p=30074","name":"Da Rio-92 \u00e0 COP30: tr\u00eas d\u00e9cadas de promessas e a urg\u00eancia de sair do papel - Amazon Climate Hub","isPartOf":{"@id":"https:\/\/amazonclimatehub.org\/#website"},"primaryImageOfPage":{"@id":"https:\/\/amazonclimatehub.org\/?p=30074#primaryimage"},"image":{"@id":"https:\/\/amazonclimatehub.org\/?p=30074#primaryimage"},"thumbnailUrl":"","datePublished":"2025-08-27T17:59:24+00:00","description":"As \u00faltimas confer\u00eancias expuseram esse descompasso. Em Glasgow (COP26), em 2021, avan\u00e7ou a regulamenta\u00e7\u00e3o do mercado de carbono, mas manteve-se a depend\u00eancia de combust\u00edveis f\u00f3sseis. No Egito (COP27), em 2022, foi criado o fundo de perdas e danos, mas os crit\u00e9rios de aporte e distribui\u00e7\u00e3o ainda s\u00e3o incertos. J\u00e1 em Dubai (COP28), em 2023, pela primeira vez um texto final reconheceu a necessidade de transi\u00e7\u00e3o para longe dos combust\u00edveis f\u00f3sseis, sem, no entanto, definir cronogramas ou metas claras.A COP30, que ser\u00e1 realizada em Bel\u00e9m do Par\u00e1 em 2025, retoma esse fio hist\u00f3rico em um contexto mais cr\u00edtico: o mundo j\u00e1 ultrapassou temporariamente a barreira de 1,5\u00b0C de aquecimento. Para o Instituto Internacional Arayara, que acompanha de perto o processo, a diferen\u00e7a agora est\u00e1 no car\u00e1ter de urg\u00eancia: n\u00e3o basta reconhecer a gravidade da crise, \u00e9 preciso destravar recursos e implementar solu\u00e7\u00f5es que cheguem a quem mais precisa.","breadcrumb":{"@id":"https:\/\/amazonclimatehub.org\/?p=30074#breadcrumb"},"inLanguage":"pt-BR","potentialAction":[{"@type":"ReadAction","target":["https:\/\/amazonclimatehub.org\/?p=30074"]}]},{"@type":"ImageObject","inLanguage":"pt-BR","@id":"https:\/\/amazonclimatehub.org\/?p=30074#primaryimage","url":"","contentUrl":""},{"@type":"BreadcrumbList","@id":"https:\/\/amazonclimatehub.org\/?p=30074#breadcrumb","itemListElement":[{"@type":"ListItem","position":1,"name":"In\u00edcio","item":"https:\/\/amazonclimatehub.org\/"},{"@type":"ListItem","position":2,"name":"Da Rio-92 \u00e0 COP30: tr\u00eas d\u00e9cadas de promessas e a urg\u00eancia de sair do papel"}]},{"@type":"WebSite","@id":"https:\/\/amazonclimatehub.org\/#website","url":"https:\/\/amazonclimatehub.org\/","name":"Amazon Climate Hub","description":"A Casa da ARAYARA na COP30","publisher":{"@id":"https:\/\/amazonclimatehub.org\/#organization"},"potentialAction":[{"@type":"SearchAction","target":{"@type":"EntryPoint","urlTemplate":"https:\/\/amazonclimatehub.org\/?s={search_term_string}"},"query-input":{"@type":"PropertyValueSpecification","valueRequired":true,"valueName":"search_term_string"}}],"inLanguage":"pt-BR"},{"@type":"Organization","@id":"https:\/\/amazonclimatehub.org\/#organization","name":"ARAYARA","url":"https:\/\/amazonclimatehub.org\/","logo":{"@type":"ImageObject","inLanguage":"pt-BR","@id":"https:\/\/amazonclimatehub.org\/#\/schema\/logo\/image\/","url":"https:\/\/amazonclimatehub.org\/wp-content\/uploads\/2025\/08\/Logo-ARAYARA-AMAZON-CLIMATE-HUB-seo@150x-100-scaled.jpg","contentUrl":"https:\/\/amazonclimatehub.org\/wp-content\/uploads\/2025\/08\/Logo-ARAYARA-AMAZON-CLIMATE-HUB-seo@150x-100-scaled.jpg","width":2560,"height":1440,"caption":"ARAYARA"},"image":{"@id":"https:\/\/amazonclimatehub.org\/#\/schema\/logo\/image\/"},"sameAs":["https:\/\/www.facebook.com\/arayaraoficial","https:\/\/x.com\/arayaraoficial","https:\/\/www.instagram.com\/arayaraoficial\/","https:\/\/www.youtube.com\/@ArayaraOficial","https:\/\/www.linkedin.com\/company\/instituto-internacional-arayara\/"]},{"@type":"Person","@id":"https:\/\/amazonclimatehub.org\/#\/schema\/person\/c9e0e08bee355119abf5e7788e4d8fba","name":"Nivia Cerqueira","image":{"@type":"ImageObject","inLanguage":"pt-BR","@id":"https:\/\/amazonclimatehub.org\/#\/schema\/person\/image\/","url":"https:\/\/secure.gravatar.com\/avatar\/86b576a5601953f8a95750769820944ffe60db153215c1aa4cc529fe2da7d653?s=96&d=mm&r=g","contentUrl":"https:\/\/secure.gravatar.com\/avatar\/86b576a5601953f8a95750769820944ffe60db153215c1aa4cc529fe2da7d653?s=96&d=mm&r=g","caption":"Nivia Cerqueira"},"url":"https:\/\/amazonclimatehub.org\/?author=8"}]}},"_links":{"self":[{"href":"https:\/\/amazonclimatehub.org\/index.php?rest_route=\/wp\/v2\/posts\/30074","targetHints":{"allow":["GET"]}}],"collection":[{"href":"https:\/\/amazonclimatehub.org\/index.php?rest_route=\/wp\/v2\/posts"}],"about":[{"href":"https:\/\/amazonclimatehub.org\/index.php?rest_route=\/wp\/v2\/types\/post"}],"author":[{"embeddable":true,"href":"https:\/\/amazonclimatehub.org\/index.php?rest_route=\/wp\/v2\/users\/8"}],"replies":[{"embeddable":true,"href":"https:\/\/amazonclimatehub.org\/index.php?rest_route=%2Fwp%2Fv2%2Fcomments&post=30074"}],"version-history":[{"count":0,"href":"https:\/\/amazonclimatehub.org\/index.php?rest_route=\/wp\/v2\/posts\/30074\/revisions"}],"wp:featuredmedia":[{"embeddable":true,"href":"https:\/\/amazonclimatehub.org\/index.php?rest_route=\/"}],"wp:attachment":[{"href":"https:\/\/amazonclimatehub.org\/index.php?rest_route=%2Fwp%2Fv2%2Fmedia&parent=30074"}],"wp:term":[{"taxonomy":"category","embeddable":true,"href":"https:\/\/amazonclimatehub.org\/index.php?rest_route=%2Fwp%2Fv2%2Fcategories&post=30074"},{"taxonomy":"post_tag","embeddable":true,"href":"https:\/\/amazonclimatehub.org\/index.php?rest_route=%2Fwp%2Fv2%2Ftags&post=30074"}],"curies":[{"name":"wp","href":"https:\/\/api.w.org\/{rel}","templated":true}]}}