{"id":30347,"date":"2025-09-17T18:29:15","date_gmt":"2025-09-17T21:29:15","guid":{"rendered":"https:\/\/arayara.org\/?p=30347"},"modified":"2025-10-14T09:52:39","modified_gmt":"2025-10-14T12:52:39","slug":"mutirao-tecnoclima-discute-papel-da-tecnologia-na-crise-climatica-e-aponta-exclusoes-estruturais","status":"publish","type":"post","link":"https:\/\/amazonclimatehub.org\/?p=30347","title":{"rendered":"Mutir\u00e3o TecnoClima discute papel da tecnologia na crise clim\u00e1tica e aponta exclus\u00f5es estruturais"},"content":{"rendered":"\n<h6 class=\"wp-block-heading\">Mutir\u00e3o TecnoClima discute papel da tecnologia na crise clim\u00e1tica e aponta exclus\u00f5es estruturais<\/h6>\n\n\n\n<p><span style=\"font-weight: 400;\">No \u00faltimo domingo (15), o Instituto Internacional ARAYARA marcou presen\u00e7a no \u201cMutir\u00e3o TecnoClima na COP30: Agenda de Ci\u00eancia e Tecnologia\u201d, realizado em Bras\u00edlia, na sede da WWF Brasil. O encontro reuniu especialistas, organiza\u00e7\u00f5es da sociedade civil e representantes de povos tradicionais para discutir o papel estrat\u00e9gico da ci\u00eancia, tecnologia e inova\u00e7\u00e3o (CT&amp;I) na governan\u00e7a clim\u00e1tica internacional, destacando lacunas hist\u00f3ricas que persistem desde a Rio-92.<\/span><\/p>\n\n\n\n<p><span style=\"font-weight: 400;\">O encontro marcou o lan\u00e7amento do Policy Brief &#8220;Reavaliando o papel da CT&amp;I na governan\u00e7a clim\u00e1tica e ambiental internacional&#8221;, que tra\u00e7a uma linha cr\u00edtica desde as promessas feitas em 1992 at\u00e9 os desafios atuais de uma ci\u00eancia que ainda prioriza interesses geopol\u00edticos e econ\u00f4micos do Norte Global, em detrimento dos saberes e realidades do Sul Global.<\/span><br><\/p>\n\n\n\n<h5 class=\"wp-block-heading\"><b>A tecnologia sem participa\u00e7\u00e3o social<\/b><\/h5>\n\n\n\n<p><span style=\"font-weight: 400;\">Organizado pelo Instituto de Tecnologia e Sociedade (ITS), pelo <\/span><span style=\"font-weight: 400;\">World Transforming Technologies (WTT) e pela Plataforma Cip\u00f3<\/span><span style=\"font-weight: 400;\">, o evento integra o movimento \u201cMutir\u00e3o TecnoClima\u201d, que busca consolidar a tecnologia como um pilar da a\u00e7\u00e3o clim\u00e1tica. Por\u00e9m, diversas vozes alertaram: a tecnologia dominante segue ignorando os territ\u00f3rios e os conhecimentos dos povos origin\u00e1rios e comunidades tradicionais.<\/span><\/p>\n\n\n\n<p><span style=\"font-weight: 400;\">A antrop\u00f3loga e lideran\u00e7a ind\u00edgena Cristiane Juli\u00e3o, do povo Pankararu, foi categ\u00f3rica: <\/span><span style=\"font-weight: 400;\">\u201co que \u00e9 ci\u00eancia sob a \u00f3tica branca e ocidental? E o que \u00e9 conhecimento para os povos ind\u00edgenas? A CT&amp;I que se imp\u00f5e hoje \u00e9 feita sem n\u00f3s, apenas nos convida a opinar sobre estruturas que j\u00e1 v\u00eam prontas.\u201d<\/span><\/p>\n\n\n\n<p><span style=\"font-weight: 400;\">Ela tamb\u00e9m denunciou a falsa participa\u00e7\u00e3o social, o incentivo \u00e0 tecnologia pensada para o Ocidente e o cont\u00ednuo processo de tutela sobre os povos ind\u00edgenas. Al\u00e9m disso, alertou para a desconex\u00e3o entre as COPs do Clima, da Biodiversidade e da Desertifica\u00e7\u00e3o, o que fragmenta o debate e dificulta a\u00e7\u00f5es integradas.<\/span><br><\/p>\n\n\n\n<h5 class=\"wp-block-heading\"><b>Desenvolvimento para quem?<\/b><\/h5>\n\n\n\n<p><span style=\"font-weight: 400;\">Representando o Minist\u00e9rio das Rela\u00e7\u00f5es Exteriores, Pedro Ivo refor\u00e7ou os alertas da ci\u00eancia ocidental sobre o colapso clim\u00e1tico \u2014 como o avan\u00e7o inevit\u00e1vel do aquecimento global acima de 1,5\u00baC e os pontos de n\u00e3o retorno que j\u00e1 se aproximam. Por\u00e9m, ele tamb\u00e9m reconheceu que a COP30, que ser\u00e1 realizada em Bel\u00e9m (PA), enfrenta desafios pol\u00edticos:<\/span><\/p>\n\n\n\n<ul class=\"wp-block-list\">\n<li><span style=\"font-weight: 400;\">Pa\u00edses ainda resistem em pautar a transfer\u00eancia internacional de tecnologias sustent\u00e1veis;<\/span><br><\/li>\n\n\n\n<li><span style=\"font-weight: 400;\">Quest\u00f5es de propriedade intelectual seguem intocadas;<\/span><br><\/li>\n\n\n\n<li><span style=\"font-weight: 400;\">O debate cient\u00edfico continua centrado em solu\u00e7\u00f5es t\u00e9cnicas e desconectado dos conhecimentos tradicionais.<\/span><br><p>\u00a0<\/p><br><\/li>\n<\/ul>\n\n\n\n<h5 class=\"wp-block-heading\"><b>Juventudes, territ\u00f3rios e resist\u00eancia<\/b><\/h5>\n\n\n\n<p><span style=\"font-weight: 400;\">Na mesa da tarde, o debate foi guiado pela urg\u00eancia da participa\u00e7\u00e3o social na COP30. A jovem ativista Marcele Oliveira, nomeada \u201ccampe\u00e3 clim\u00e1tica da juventude\u201d da confer\u00eancia, destacou que a presen\u00e7a das juventudes no processo \u00e9 recente, mas fundamental.\u201cSomos parte do territ\u00f3rio, por isso temos tanto a dizer sobre a crise clim\u00e1tica.\u201d<\/span><\/p>\n\n\n\n<p><span style=\"font-weight: 400;\">J\u00e1 Alberto Terena, do Conselho Terena e da Articula\u00e7\u00e3o dos Povos Ind\u00edgenas do Brasil (APIB), destacou: \u201ca demarca\u00e7\u00e3o dos nossos territ\u00f3rios \u00e9 uma a\u00e7\u00e3o concreta contra a crise clim\u00e1tica.\u201d Ele apresentou a campanha #ARespostaSomosN\u00f3s, que defende territ\u00f3rios livres da explora\u00e7\u00e3o de combust\u00edveis f\u00f3sseis, da minera\u00e7\u00e3o e do desmatamento, al\u00e9m do acesso direto a recursos de financiamento clim\u00e1tico.<\/span><br><\/p>\n\n\n\n<h5 class=\"wp-block-heading\"><b>Agroecologia contra a imposi\u00e7\u00e3o tecnol\u00f3gica<\/b><\/h5>\n\n\n\n<p><span style=\"font-weight: 400;\">O enviado especial para abordar o tema agricultura familiar, Paulo Petersen, criticou a tentativa de transformar a agricultura familiar em um \u201cpequeno agroneg\u00f3cio\u201d. Para ele, \u00e9 preciso resgatar a cultura da terra e n\u00e3o apenas trat\u00e1-la como neg\u00f3cio. \u201cPaisagens com biodiversidade produzem cultura, e \u00e9 isso que devemos proteger.\u201d<\/span><\/p>\n\n\n\n<p><span style=\"font-weight: 400;\">A mobilizadora socioambiental da\u00a0 ARAYARA, Ra\u00edssa Felippe, concluiu o debate com uma reflex\u00e3o cr\u00edtica sobre o uso da express\u00e3o &#8220;transfer\u00eancia de tecnologia&#8221;, frequentemente associada \u00e0 imposi\u00e7\u00e3o de pacotes da Revolu\u00e7\u00e3o Verde \u2014 como sementes transg\u00eanicas, fertilizantes e agrot\u00f3xicos \u2014 que desconsideram o modo de vida dos povos tradicionais e refor\u00e7am o avan\u00e7o do agroneg\u00f3cio sobre seus territ\u00f3rios.\u201cTecnologia n\u00e3o \u00e9 s\u00f3 o produto final, mas o modo de fazer. E, se estamos falando de territ\u00f3rios, a CT&amp;I precisa ser antirracista\u201d, afirmou Felippe.<\/span><br><\/p>\n\n\n\n<h5 class=\"wp-block-heading\"><b>CT&amp;I na COP30<\/b><\/h5>\n\n\n\n<p><span style=\"font-weight: 400;\">O evento tamb\u00e9m apresentou plataformas e dados do <\/span><span style=\"font-weight: 400;\">Minist\u00e9rio da Ci\u00eancia, Tecnologia e Inova\u00e7\u00e3o (MCTI),<\/span><span style=\"font-weight: 400;\"> que v\u00eam sendo preparados para a COP30, como o SIRENE (Sistema Nacional de Emiss\u00f5es), o SINAPSE (Simulador Nacional de Pol\u00edticas Setoriais e Emiss\u00f5es) e o Adapta Brasil.&nbsp;<\/span><\/p>\n\n\n\n<p><span style=\"font-weight: 400;\">No entanto, sem uma reestrutura\u00e7\u00e3o do debate sobre quem define o que \u00e9 ci\u00eancia e quem participa da sua constru\u00e7\u00e3o, participantes alertaram sobre o risco da COP30 reproduzir as exclus\u00f5es hist\u00f3ricas de sempre.<\/span><\/p>\n\n\n\n<p><span style=\"font-weight: 400;\">Para o analista t\u00e9cnico clim\u00e1tico e de geoci\u00eancias da ARAYARA, Joubert Marques,<\/span><span style=\"font-weight: 400;\"> o&nbsp; Mutir\u00e3o TecnoClima foi um espa\u00e7o importante de troca de saberes e experi\u00eancias. <\/span><span style=\"font-weight: 400;\">\u201c<\/span><span style=\"font-weight: 400;\">A COP30 s\u00f3 ter\u00e1 legitimidade se valorizar conhecimentos tradicionais e garantir justi\u00e7a nos territ\u00f3rios, n\u00e3o apenas tecnologias importadas.<\/span><span style=\"font-weight: 400;\">\u201d<\/span><\/p>\n","protected":false},"excerpt":{"rendered":"<p>Mutir\u00e3o TecnoClima discute papel da tecnologia na crise clim\u00e1tica e aponta exclus\u00f5es estruturais No \u00faltimo domingo (15), o Instituto Internacional ARAYARA marcou presen\u00e7a no \u201cMutir\u00e3o TecnoClima na COP30: Agenda de Ci\u00eancia e Tecnologia\u201d, realizado em Bras\u00edlia, na sede da WWF&#8230;<\/p>\n","protected":false},"author":8,"featured_media":31108,"comment_status":"open","ping_status":"closed","sticky":false,"template":"","format":"standard","meta":{"_eb_attr":"","_themeisle_gutenberg_block_has_review":false,"footnotes":""},"categories":[271],"tags":[317,301,332,375,356,628,426,629,630,386,631,371,316,632],"class_list":["post-30347","post","type-post","status-publish","format-standard","has-post-thumbnail","hentry","category-cop30","tag-amazonia","tag-aquecimento-global","tag-cop30","tag-crise-climatica","tag-impactos-socioambientais","tag-juventudes","tag-mobilizacao","tag-mutirao-tecnoclima-na-cop30-agenda-de-ciencia-e-tecnologia","tag-policy-brief-reavaliando-o-papel-da-cti-na-governanca-climatica-e-ambiental-internacional","tag-povos-indigenas","tag-protecao-de-vidas-e-territorios-frente-a-industria-fossil","tag-sustentabilidade","tag-transicao-energetica","tag-wwf-brasil"],"yoast_head":"<!-- This site is optimized with the Yoast SEO plugin v26.2 - https:\/\/yoast.com\/wordpress\/plugins\/seo\/ -->\n<title>Mutir\u00e3o TecnoClima discute papel da tecnologia na crise clim\u00e1tica e aponta exclus\u00f5es estruturais - Amazon Climate Hub<\/title>\n<meta name=\"description\" content=\"No \u00faltimo domingo (15), o Instituto Internacional ARAYARA marcou presen\u00e7a no \u201cMutir\u00e3o TecnoClima na COP30: Agenda de Ci\u00eancia e Tecnologia\u201d, realizado em Bras\u00edlia, na sede da WWF Brasil. O encontro reuniu especialistas, organiza\u00e7\u00f5es da sociedade civil e representantes de povos tradicionais para discutir o papel estrat\u00e9gico da ci\u00eancia, tecnologia e inova\u00e7\u00e3o (CT&amp;I) na governan\u00e7a clim\u00e1tica internacional, destacando lacunas hist\u00f3ricas que persistem desde a Rio-92.\" \/>\n<meta name=\"robots\" content=\"index, follow, max-snippet:-1, max-image-preview:large, max-video-preview:-1\" \/>\n<link rel=\"canonical\" href=\"https:\/\/amazonclimatehub.org\/?p=30347\" \/>\n<meta property=\"og:locale\" content=\"pt_BR\" \/>\n<meta property=\"og:type\" content=\"article\" \/>\n<meta property=\"og:title\" content=\"Mutir\u00e3o TecnoClima discute papel da tecnologia na crise clim\u00e1tica e aponta exclus\u00f5es estruturais - Amazon Climate Hub\" \/>\n<meta property=\"og:description\" content=\"No \u00faltimo domingo (15), o Instituto Internacional ARAYARA marcou presen\u00e7a no \u201cMutir\u00e3o TecnoClima na COP30: Agenda de Ci\u00eancia e Tecnologia\u201d, realizado em Bras\u00edlia, na sede da WWF Brasil. O encontro reuniu especialistas, organiza\u00e7\u00f5es da sociedade civil e representantes de povos tradicionais para discutir o papel estrat\u00e9gico da ci\u00eancia, tecnologia e inova\u00e7\u00e3o (CT&amp;I) na governan\u00e7a clim\u00e1tica internacional, destacando lacunas hist\u00f3ricas que persistem desde a Rio-92.\" \/>\n<meta property=\"og:url\" content=\"https:\/\/amazonclimatehub.org\/?p=30347\" \/>\n<meta property=\"og:site_name\" content=\"Amazon Climate Hub\" \/>\n<meta property=\"article:publisher\" content=\"https:\/\/www.facebook.com\/arayaraoficial\" \/>\n<meta property=\"article:published_time\" content=\"2025-09-17T21:29:15+00:00\" \/>\n<meta property=\"article:modified_time\" content=\"2025-10-14T12:52:39+00:00\" \/>\n<meta property=\"og:image\" content=\"https:\/\/amazonclimatehub.org\/wp-content\/uploads\/2025\/09\/Mutirao-TecnoClima-ARAYARA-AmazonClimateHubCOP30.png\" \/>\n\t<meta property=\"og:image:width\" content=\"1920\" \/>\n\t<meta property=\"og:image:height\" content=\"768\" \/>\n\t<meta property=\"og:image:type\" content=\"image\/png\" \/>\n<meta name=\"author\" content=\"Nivia Cerqueira\" \/>\n<meta name=\"twitter:card\" content=\"summary_large_image\" \/>\n<meta name=\"twitter:creator\" content=\"@arayaraoficial\" \/>\n<meta name=\"twitter:site\" content=\"@arayaraoficial\" \/>\n<meta name=\"twitter:label1\" content=\"Escrito por\" \/>\n\t<meta name=\"twitter:data1\" content=\"Nivia Cerqueira\" \/>\n\t<meta name=\"twitter:label2\" content=\"Est. tempo de leitura\" \/>\n\t<meta name=\"twitter:data2\" content=\"5 minutos\" \/>\n<script type=\"application\/ld+json\" class=\"yoast-schema-graph\">{\"@context\":\"https:\/\/schema.org\",\"@graph\":[{\"@type\":\"Article\",\"@id\":\"https:\/\/amazonclimatehub.org\/?p=30347#article\",\"isPartOf\":{\"@id\":\"https:\/\/amazonclimatehub.org\/?p=30347\"},\"author\":{\"name\":\"Nivia Cerqueira\",\"@id\":\"https:\/\/amazonclimatehub.org\/#\/schema\/person\/c9e0e08bee355119abf5e7788e4d8fba\"},\"headline\":\"Mutir\u00e3o TecnoClima discute papel da tecnologia na crise clim\u00e1tica e aponta exclus\u00f5es estruturais\",\"datePublished\":\"2025-09-17T21:29:15+00:00\",\"dateModified\":\"2025-10-14T12:52:39+00:00\",\"mainEntityOfPage\":{\"@id\":\"https:\/\/amazonclimatehub.org\/?p=30347\"},\"wordCount\":898,\"commentCount\":0,\"publisher\":{\"@id\":\"https:\/\/amazonclimatehub.org\/#organization\"},\"image\":{\"@id\":\"https:\/\/amazonclimatehub.org\/?p=30347#primaryimage\"},\"thumbnailUrl\":\"https:\/\/amazonclimatehub.org\/wp-content\/uploads\/2025\/09\/Mutirao-TecnoClima-ARAYARA-AmazonClimateHubCOP30.png\",\"keywords\":[\"Amaz\u00f4nia\",\"aquecimento global\",\"COP30\",\"crise clim\u00e1tica\",\"impactos socioambientais\",\"juventudes\",\"Mobiliza\u00e7\u00e3o\",\"Mutir\u00e3o TecnoClima na COP30: Agenda de Ci\u00eancia e Tecnologia\u201d\",\"Policy Brief \\\"Reavaliando o papel da CT&amp;I na governan\u00e7a clim\u00e1tica e ambiental internacional\",\"Povos ind\u00edgenas\",\"prote\u00e7\u00e3o de vidas e territ\u00f3rios frente \u00e0 ind\u00fastria f\u00f3ssil\",\"sustentabilidade\",\"transi\u00e7\u00e3o energ\u00e9tica\",\"WWF-Brasil\"],\"articleSection\":[\"COP30\"],\"inLanguage\":\"pt-BR\",\"potentialAction\":[{\"@type\":\"CommentAction\",\"name\":\"Comment\",\"target\":[\"https:\/\/amazonclimatehub.org\/?p=30347#respond\"]}]},{\"@type\":\"WebPage\",\"@id\":\"https:\/\/amazonclimatehub.org\/?p=30347\",\"url\":\"https:\/\/amazonclimatehub.org\/?p=30347\",\"name\":\"Mutir\u00e3o TecnoClima discute papel da tecnologia na crise clim\u00e1tica e aponta exclus\u00f5es estruturais - Amazon Climate Hub\",\"isPartOf\":{\"@id\":\"https:\/\/amazonclimatehub.org\/#website\"},\"primaryImageOfPage\":{\"@id\":\"https:\/\/amazonclimatehub.org\/?p=30347#primaryimage\"},\"image\":{\"@id\":\"https:\/\/amazonclimatehub.org\/?p=30347#primaryimage\"},\"thumbnailUrl\":\"https:\/\/amazonclimatehub.org\/wp-content\/uploads\/2025\/09\/Mutirao-TecnoClima-ARAYARA-AmazonClimateHubCOP30.png\",\"datePublished\":\"2025-09-17T21:29:15+00:00\",\"dateModified\":\"2025-10-14T12:52:39+00:00\",\"description\":\"No \u00faltimo domingo (15), o Instituto Internacional ARAYARA marcou presen\u00e7a no \u201cMutir\u00e3o TecnoClima na COP30: Agenda de Ci\u00eancia e Tecnologia\u201d, realizado em Bras\u00edlia, na sede da WWF Brasil. O encontro reuniu especialistas, organiza\u00e7\u00f5es da sociedade civil e representantes de povos tradicionais para discutir o papel estrat\u00e9gico da ci\u00eancia, tecnologia e inova\u00e7\u00e3o (CT&I) na governan\u00e7a clim\u00e1tica internacional, destacando lacunas hist\u00f3ricas que persistem desde a Rio-92.\",\"breadcrumb\":{\"@id\":\"https:\/\/amazonclimatehub.org\/?p=30347#breadcrumb\"},\"inLanguage\":\"pt-BR\",\"potentialAction\":[{\"@type\":\"ReadAction\",\"target\":[\"https:\/\/amazonclimatehub.org\/?p=30347\"]}]},{\"@type\":\"ImageObject\",\"inLanguage\":\"pt-BR\",\"@id\":\"https:\/\/amazonclimatehub.org\/?p=30347#primaryimage\",\"url\":\"https:\/\/amazonclimatehub.org\/wp-content\/uploads\/2025\/09\/Mutirao-TecnoClima-ARAYARA-AmazonClimateHubCOP30.png\",\"contentUrl\":\"https:\/\/amazonclimatehub.org\/wp-content\/uploads\/2025\/09\/Mutirao-TecnoClima-ARAYARA-AmazonClimateHubCOP30.png\",\"width\":1920,\"height\":768},{\"@type\":\"BreadcrumbList\",\"@id\":\"https:\/\/amazonclimatehub.org\/?p=30347#breadcrumb\",\"itemListElement\":[{\"@type\":\"ListItem\",\"position\":1,\"name\":\"In\u00edcio\",\"item\":\"https:\/\/amazonclimatehub.org\/\"},{\"@type\":\"ListItem\",\"position\":2,\"name\":\"Mutir\u00e3o TecnoClima discute papel da tecnologia na crise clim\u00e1tica e aponta exclus\u00f5es estruturais\"}]},{\"@type\":\"WebSite\",\"@id\":\"https:\/\/amazonclimatehub.org\/#website\",\"url\":\"https:\/\/amazonclimatehub.org\/\",\"name\":\"Amazon Climate Hub\",\"description\":\"A Casa da ARAYARA na COP30\",\"publisher\":{\"@id\":\"https:\/\/amazonclimatehub.org\/#organization\"},\"potentialAction\":[{\"@type\":\"SearchAction\",\"target\":{\"@type\":\"EntryPoint\",\"urlTemplate\":\"https:\/\/amazonclimatehub.org\/?s={search_term_string}\"},\"query-input\":{\"@type\":\"PropertyValueSpecification\",\"valueRequired\":true,\"valueName\":\"search_term_string\"}}],\"inLanguage\":\"pt-BR\"},{\"@type\":\"Organization\",\"@id\":\"https:\/\/amazonclimatehub.org\/#organization\",\"name\":\"ARAYARA\",\"url\":\"https:\/\/amazonclimatehub.org\/\",\"logo\":{\"@type\":\"ImageObject\",\"inLanguage\":\"pt-BR\",\"@id\":\"https:\/\/amazonclimatehub.org\/#\/schema\/logo\/image\/\",\"url\":\"https:\/\/amazonclimatehub.org\/wp-content\/uploads\/2025\/08\/Logo-ARAYARA-AMAZON-CLIMATE-HUB-seo@150x-100-scaled.jpg\",\"contentUrl\":\"https:\/\/amazonclimatehub.org\/wp-content\/uploads\/2025\/08\/Logo-ARAYARA-AMAZON-CLIMATE-HUB-seo@150x-100-scaled.jpg\",\"width\":2560,\"height\":1440,\"caption\":\"ARAYARA\"},\"image\":{\"@id\":\"https:\/\/amazonclimatehub.org\/#\/schema\/logo\/image\/\"},\"sameAs\":[\"https:\/\/www.facebook.com\/arayaraoficial\",\"https:\/\/x.com\/arayaraoficial\",\"https:\/\/www.instagram.com\/arayaraoficial\/\",\"https:\/\/www.youtube.com\/@ArayaraOficial\",\"https:\/\/www.linkedin.com\/company\/instituto-internacional-arayara\/\"]},{\"@type\":\"Person\",\"@id\":\"https:\/\/amazonclimatehub.org\/#\/schema\/person\/c9e0e08bee355119abf5e7788e4d8fba\",\"name\":\"Nivia Cerqueira\",\"image\":{\"@type\":\"ImageObject\",\"inLanguage\":\"pt-BR\",\"@id\":\"https:\/\/amazonclimatehub.org\/#\/schema\/person\/image\/\",\"url\":\"https:\/\/secure.gravatar.com\/avatar\/86b576a5601953f8a95750769820944ffe60db153215c1aa4cc529fe2da7d653?s=96&d=mm&r=g\",\"contentUrl\":\"https:\/\/secure.gravatar.com\/avatar\/86b576a5601953f8a95750769820944ffe60db153215c1aa4cc529fe2da7d653?s=96&d=mm&r=g\",\"caption\":\"Nivia Cerqueira\"},\"url\":\"https:\/\/amazonclimatehub.org\/?author=8\"}]}<\/script>\n<!-- \/ Yoast SEO plugin. -->","yoast_head_json":{"title":"Mutir\u00e3o TecnoClima discute papel da tecnologia na crise clim\u00e1tica e aponta exclus\u00f5es estruturais - Amazon Climate Hub","description":"No \u00faltimo domingo (15), o Instituto Internacional ARAYARA marcou presen\u00e7a no \u201cMutir\u00e3o TecnoClima na COP30: Agenda de Ci\u00eancia e Tecnologia\u201d, realizado em Bras\u00edlia, na sede da WWF Brasil. O encontro reuniu especialistas, organiza\u00e7\u00f5es da sociedade civil e representantes de povos tradicionais para discutir o papel estrat\u00e9gico da ci\u00eancia, tecnologia e inova\u00e7\u00e3o (CT&I) na governan\u00e7a clim\u00e1tica internacional, destacando lacunas hist\u00f3ricas que persistem desde a Rio-92.","robots":{"index":"index","follow":"follow","max-snippet":"max-snippet:-1","max-image-preview":"max-image-preview:large","max-video-preview":"max-video-preview:-1"},"canonical":"https:\/\/amazonclimatehub.org\/?p=30347","og_locale":"pt_BR","og_type":"article","og_title":"Mutir\u00e3o TecnoClima discute papel da tecnologia na crise clim\u00e1tica e aponta exclus\u00f5es estruturais - Amazon Climate Hub","og_description":"No \u00faltimo domingo (15), o Instituto Internacional ARAYARA marcou presen\u00e7a no \u201cMutir\u00e3o TecnoClima na COP30: Agenda de Ci\u00eancia e Tecnologia\u201d, realizado em Bras\u00edlia, na sede da WWF Brasil. O encontro reuniu especialistas, organiza\u00e7\u00f5es da sociedade civil e representantes de povos tradicionais para discutir o papel estrat\u00e9gico da ci\u00eancia, tecnologia e inova\u00e7\u00e3o (CT&I) na governan\u00e7a clim\u00e1tica internacional, destacando lacunas hist\u00f3ricas que persistem desde a Rio-92.","og_url":"https:\/\/amazonclimatehub.org\/?p=30347","og_site_name":"Amazon Climate Hub","article_publisher":"https:\/\/www.facebook.com\/arayaraoficial","article_published_time":"2025-09-17T21:29:15+00:00","article_modified_time":"2025-10-14T12:52:39+00:00","og_image":[{"width":1920,"height":768,"url":"https:\/\/amazonclimatehub.org\/wp-content\/uploads\/2025\/09\/Mutirao-TecnoClima-ARAYARA-AmazonClimateHubCOP30.png","type":"image\/png"}],"author":"Nivia Cerqueira","twitter_card":"summary_large_image","twitter_creator":"@arayaraoficial","twitter_site":"@arayaraoficial","twitter_misc":{"Escrito por":"Nivia Cerqueira","Est. tempo de leitura":"5 minutos"},"schema":{"@context":"https:\/\/schema.org","@graph":[{"@type":"Article","@id":"https:\/\/amazonclimatehub.org\/?p=30347#article","isPartOf":{"@id":"https:\/\/amazonclimatehub.org\/?p=30347"},"author":{"name":"Nivia Cerqueira","@id":"https:\/\/amazonclimatehub.org\/#\/schema\/person\/c9e0e08bee355119abf5e7788e4d8fba"},"headline":"Mutir\u00e3o TecnoClima discute papel da tecnologia na crise clim\u00e1tica e aponta exclus\u00f5es estruturais","datePublished":"2025-09-17T21:29:15+00:00","dateModified":"2025-10-14T12:52:39+00:00","mainEntityOfPage":{"@id":"https:\/\/amazonclimatehub.org\/?p=30347"},"wordCount":898,"commentCount":0,"publisher":{"@id":"https:\/\/amazonclimatehub.org\/#organization"},"image":{"@id":"https:\/\/amazonclimatehub.org\/?p=30347#primaryimage"},"thumbnailUrl":"https:\/\/amazonclimatehub.org\/wp-content\/uploads\/2025\/09\/Mutirao-TecnoClima-ARAYARA-AmazonClimateHubCOP30.png","keywords":["Amaz\u00f4nia","aquecimento global","COP30","crise clim\u00e1tica","impactos socioambientais","juventudes","Mobiliza\u00e7\u00e3o","Mutir\u00e3o TecnoClima na COP30: Agenda de Ci\u00eancia e Tecnologia\u201d","Policy Brief \"Reavaliando o papel da CT&amp;I na governan\u00e7a clim\u00e1tica e ambiental internacional","Povos ind\u00edgenas","prote\u00e7\u00e3o de vidas e territ\u00f3rios frente \u00e0 ind\u00fastria f\u00f3ssil","sustentabilidade","transi\u00e7\u00e3o energ\u00e9tica","WWF-Brasil"],"articleSection":["COP30"],"inLanguage":"pt-BR","potentialAction":[{"@type":"CommentAction","name":"Comment","target":["https:\/\/amazonclimatehub.org\/?p=30347#respond"]}]},{"@type":"WebPage","@id":"https:\/\/amazonclimatehub.org\/?p=30347","url":"https:\/\/amazonclimatehub.org\/?p=30347","name":"Mutir\u00e3o TecnoClima discute papel da tecnologia na crise clim\u00e1tica e aponta exclus\u00f5es estruturais - Amazon Climate Hub","isPartOf":{"@id":"https:\/\/amazonclimatehub.org\/#website"},"primaryImageOfPage":{"@id":"https:\/\/amazonclimatehub.org\/?p=30347#primaryimage"},"image":{"@id":"https:\/\/amazonclimatehub.org\/?p=30347#primaryimage"},"thumbnailUrl":"https:\/\/amazonclimatehub.org\/wp-content\/uploads\/2025\/09\/Mutirao-TecnoClima-ARAYARA-AmazonClimateHubCOP30.png","datePublished":"2025-09-17T21:29:15+00:00","dateModified":"2025-10-14T12:52:39+00:00","description":"No \u00faltimo domingo (15), o Instituto Internacional ARAYARA marcou presen\u00e7a no \u201cMutir\u00e3o TecnoClima na COP30: Agenda de Ci\u00eancia e Tecnologia\u201d, realizado em Bras\u00edlia, na sede da WWF Brasil. O encontro reuniu especialistas, organiza\u00e7\u00f5es da sociedade civil e representantes de povos tradicionais para discutir o papel estrat\u00e9gico da ci\u00eancia, tecnologia e inova\u00e7\u00e3o (CT&I) na governan\u00e7a clim\u00e1tica internacional, destacando lacunas hist\u00f3ricas que persistem desde a Rio-92.","breadcrumb":{"@id":"https:\/\/amazonclimatehub.org\/?p=30347#breadcrumb"},"inLanguage":"pt-BR","potentialAction":[{"@type":"ReadAction","target":["https:\/\/amazonclimatehub.org\/?p=30347"]}]},{"@type":"ImageObject","inLanguage":"pt-BR","@id":"https:\/\/amazonclimatehub.org\/?p=30347#primaryimage","url":"https:\/\/amazonclimatehub.org\/wp-content\/uploads\/2025\/09\/Mutirao-TecnoClima-ARAYARA-AmazonClimateHubCOP30.png","contentUrl":"https:\/\/amazonclimatehub.org\/wp-content\/uploads\/2025\/09\/Mutirao-TecnoClima-ARAYARA-AmazonClimateHubCOP30.png","width":1920,"height":768},{"@type":"BreadcrumbList","@id":"https:\/\/amazonclimatehub.org\/?p=30347#breadcrumb","itemListElement":[{"@type":"ListItem","position":1,"name":"In\u00edcio","item":"https:\/\/amazonclimatehub.org\/"},{"@type":"ListItem","position":2,"name":"Mutir\u00e3o TecnoClima discute papel da tecnologia na crise clim\u00e1tica e aponta exclus\u00f5es estruturais"}]},{"@type":"WebSite","@id":"https:\/\/amazonclimatehub.org\/#website","url":"https:\/\/amazonclimatehub.org\/","name":"Amazon Climate Hub","description":"A Casa da ARAYARA na COP30","publisher":{"@id":"https:\/\/amazonclimatehub.org\/#organization"},"potentialAction":[{"@type":"SearchAction","target":{"@type":"EntryPoint","urlTemplate":"https:\/\/amazonclimatehub.org\/?s={search_term_string}"},"query-input":{"@type":"PropertyValueSpecification","valueRequired":true,"valueName":"search_term_string"}}],"inLanguage":"pt-BR"},{"@type":"Organization","@id":"https:\/\/amazonclimatehub.org\/#organization","name":"ARAYARA","url":"https:\/\/amazonclimatehub.org\/","logo":{"@type":"ImageObject","inLanguage":"pt-BR","@id":"https:\/\/amazonclimatehub.org\/#\/schema\/logo\/image\/","url":"https:\/\/amazonclimatehub.org\/wp-content\/uploads\/2025\/08\/Logo-ARAYARA-AMAZON-CLIMATE-HUB-seo@150x-100-scaled.jpg","contentUrl":"https:\/\/amazonclimatehub.org\/wp-content\/uploads\/2025\/08\/Logo-ARAYARA-AMAZON-CLIMATE-HUB-seo@150x-100-scaled.jpg","width":2560,"height":1440,"caption":"ARAYARA"},"image":{"@id":"https:\/\/amazonclimatehub.org\/#\/schema\/logo\/image\/"},"sameAs":["https:\/\/www.facebook.com\/arayaraoficial","https:\/\/x.com\/arayaraoficial","https:\/\/www.instagram.com\/arayaraoficial\/","https:\/\/www.youtube.com\/@ArayaraOficial","https:\/\/www.linkedin.com\/company\/instituto-internacional-arayara\/"]},{"@type":"Person","@id":"https:\/\/amazonclimatehub.org\/#\/schema\/person\/c9e0e08bee355119abf5e7788e4d8fba","name":"Nivia Cerqueira","image":{"@type":"ImageObject","inLanguage":"pt-BR","@id":"https:\/\/amazonclimatehub.org\/#\/schema\/person\/image\/","url":"https:\/\/secure.gravatar.com\/avatar\/86b576a5601953f8a95750769820944ffe60db153215c1aa4cc529fe2da7d653?s=96&d=mm&r=g","contentUrl":"https:\/\/secure.gravatar.com\/avatar\/86b576a5601953f8a95750769820944ffe60db153215c1aa4cc529fe2da7d653?s=96&d=mm&r=g","caption":"Nivia Cerqueira"},"url":"https:\/\/amazonclimatehub.org\/?author=8"}]}},"_links":{"self":[{"href":"https:\/\/amazonclimatehub.org\/index.php?rest_route=\/wp\/v2\/posts\/30347","targetHints":{"allow":["GET"]}}],"collection":[{"href":"https:\/\/amazonclimatehub.org\/index.php?rest_route=\/wp\/v2\/posts"}],"about":[{"href":"https:\/\/amazonclimatehub.org\/index.php?rest_route=\/wp\/v2\/types\/post"}],"author":[{"embeddable":true,"href":"https:\/\/amazonclimatehub.org\/index.php?rest_route=\/wp\/v2\/users\/8"}],"replies":[{"embeddable":true,"href":"https:\/\/amazonclimatehub.org\/index.php?rest_route=%2Fwp%2Fv2%2Fcomments&post=30347"}],"version-history":[{"count":1,"href":"https:\/\/amazonclimatehub.org\/index.php?rest_route=\/wp\/v2\/posts\/30347\/revisions"}],"predecessor-version":[{"id":31109,"href":"https:\/\/amazonclimatehub.org\/index.php?rest_route=\/wp\/v2\/posts\/30347\/revisions\/31109"}],"wp:featuredmedia":[{"embeddable":true,"href":"https:\/\/amazonclimatehub.org\/index.php?rest_route=\/wp\/v2\/media\/31108"}],"wp:attachment":[{"href":"https:\/\/amazonclimatehub.org\/index.php?rest_route=%2Fwp%2Fv2%2Fmedia&parent=30347"}],"wp:term":[{"taxonomy":"category","embeddable":true,"href":"https:\/\/amazonclimatehub.org\/index.php?rest_route=%2Fwp%2Fv2%2Fcategories&post=30347"},{"taxonomy":"post_tag","embeddable":true,"href":"https:\/\/amazonclimatehub.org\/index.php?rest_route=%2Fwp%2Fv2%2Ftags&post=30347"}],"curies":[{"name":"wp","href":"https:\/\/api.w.org\/{rel}","templated":true}]}}