{"id":32491,"date":"2025-11-10T17:31:31","date_gmt":"2025-11-10T20:31:31","guid":{"rendered":"https:\/\/amazonclimatehub.org\/?p=32491"},"modified":"2025-11-10T17:46:43","modified_gmt":"2025-11-10T20:46:43","slug":"na-cop30-evento-debate-ameacas-do-petroleo-na-amazonia-e-lanca-livro-reportagem-ate-a-ultima-gota","status":"publish","type":"post","link":"https:\/\/amazonclimatehub.org\/?p=32491","title":{"rendered":"Na COP30, evento debate amea\u00e7as do petr\u00f3leo na Amaz\u00f4nia e lan\u00e7a livro-reportagem \u201cAt\u00e9 a \u00daltima Gota\u201d"},"content":{"rendered":"\n<p><\/p>\n\n\n\n<p>O ARAYARA Amazon Climate Hub sediou nesta segunda (10), durante a COP30 em Bel\u00e9m (PA), o evento <em>\u201cPetr\u00f3leo na Amaz\u00f4nia \u2013 Amea\u00e7as, Resist\u00eancias e Caminhos para a Transi\u00e7\u00e3o\u201d<\/em>, que marcou o lan\u00e7amento do livro-reportagem <strong>At\u00e9 a \u00daltima Gota<\/strong>, produzido pela InfoAmazonia em parceria com ve\u00edculos da Pan-Amaz\u00f4nia, e do relat\u00f3rio de incid\u00eancia desenvolvido pela Fundaci\u00f3n Avina e pelo Instituto Internacional ARAYARA.<\/p>\n\n\n\n<p><\/p>\n\n\n\n<p><\/p>\n\n\n\n<p>O encontro reuniu pesquisadores, jornalistas, lideran\u00e7as ind\u00edgenas e especialistas para discutir os riscos da expans\u00e3o da fronteira petrol\u00edfera no bioma e propor alternativas para uma transi\u00e7\u00e3o energ\u00e9tica justa. O debate tamb\u00e9m destacou a necessidade de alinhar ci\u00eancia, pol\u00edticas p\u00fablicas e participa\u00e7\u00e3o comunit\u00e1ria.<\/p>\n\n\n\n<p><\/p>\n\n\n\n<p><\/p>\n\n\n\n<h3 class=\"wp-block-heading\">Panorama cr\u00edtico da explora\u00e7\u00e3o na Amaz\u00f4nia<\/h3>\n\n\n\n<p>Juliana Mori, diretora da InfoAmazonia, destacou que o livro-reportagem surge ap\u00f3s mais de um ano e meio de investiga\u00e7\u00e3o em cinco pa\u00edses que concentram mais de 80% do bioma amaz\u00f4nico. A iniciativa nasceu, segundo ela, da aus\u00eancia de informa\u00e7\u00f5es consolidadas sobre os impactos da explora\u00e7\u00e3o petrol\u00edfera em toda a regi\u00e3o, especialmente ap\u00f3s o Ibama negar a licen\u00e7a de explora\u00e7\u00e3o de um bloco na Margem Equatorial.<\/p>\n\n\n\n<p><\/p>\n\n\n\n<p><\/p>\n\n\n\n<p>\u201cPrecis\u00e1vamos enxergar o mosaico completo. O Brasil explora petr\u00f3leo e g\u00e1s, mas n\u00e3o est\u00e1 sozinho: outros pa\u00edses amaz\u00f4nicos tamb\u00e9m avan\u00e7am sobre a floresta e a costa. Este momento, na COP, \u00e9 fundamental para repensar o que acontecer\u00e1 com o petr\u00f3leo no mundo \u2014 n\u00e3o s\u00f3 no Brasil\u201d, afirmou.<\/p>\n\n\n\n<p><\/p>\n\n\n\n<p><\/p>\n\n\n\n<p><strong>F\u00e1bio Bispo, rep\u00f3rter do especial da InfoAmazonia<\/strong>, relatou que a expedi\u00e7\u00e3o realizada em parceria com a Arayara revelou um panorama preocupante na Guiana e na Amaz\u00f4nia brasileira. Segundo ele, a Guiana est\u00e1 praticamente dominada pela ExxonMobil, que paga apenas 2% de royalties e deixa grande parte do pa\u00eds sem acesso adequado \u00e0 energia el\u00e9trica, enquanto a popula\u00e7\u00e3o local recebe poucos benef\u00edcios da explora\u00e7\u00e3o.<\/p>\n\n\n\n<p><\/p>\n\n\n\n<p><\/p>\n\n\n\n<p>Bispo destacou que a explora\u00e7\u00e3o petrol\u00edfera na costa amaz\u00f4nica brasileira remonta \u00e0 d\u00e9cada de 1970 e que hoje a regi\u00e3o enfrenta riscos socioambientais graves, incluindo recifes de corais e manguezais sens\u00edveis, al\u00e9m de comunidades dependentes do territ\u00f3rio para subsist\u00eancia. O lan\u00e7amento do livro e relat\u00f3rio de incid\u00eancia visa estimular um di\u00e1logo baseado em dados sobre a explora\u00e7\u00e3o petrol\u00edfera, alertando para a necessidade de proteger ecossistemas e popula\u00e7\u00f5es locais diante da expans\u00e3o do petr\u00f3leo e do g\u00e1s na regi\u00e3o.<\/p>\n\n\n\n<p><\/p>\n\n\n\n<p><\/p>\n\n\n\n<h3 class=\"wp-block-heading\">Expans\u00e3o f\u00f3ssil e aus\u00eancia de consulta \u00e0s comunidades<\/h3>\n\n\n\n<p><\/p>\n\n\n\n<p><\/p>\n\n\n\n<p><strong>Nicole Figueiredo, diretora-executiva da Arayara, declarou:<\/strong><\/p>\n\n\n\n<p>\u201cA Arayara come\u00e7ou acompanhando os leil\u00f5es ainda em uma pequena sala, sem sequer saber onde ficavam os blocos ofertados. Foi da\u00ed que nasceu a campanha \u2018Amaz\u00f4nia Livre de Petr\u00f3leo\u2019, baseada no monitoramento e na coleta de dados. Esse trabalho gerou as informa\u00e7\u00f5es que agora contribuem para o livro e revelam a real dimens\u00e3o da expans\u00e3o petrol\u00edfera na regi\u00e3o.<\/p>\n\n\n\n<p><\/p>\n\n\n\n<p><\/p>\n\n\n\n<p>A Petrobras se apresenta como l\u00edder em transi\u00e7\u00e3o energ\u00e9tica justa, mas na pr\u00e1tica \u00e9 l\u00edder continental da expans\u00e3o f\u00f3ssil. O pr\u00e9-sal \u00e9 explorado h\u00e1 muitos anos e estados como o Rio de Janeiro recebem os maiores volumes de royalties \u2014 Maric\u00e1 em primeiro lugar e Maca\u00e9 em segundo. Ainda assim, Maca\u00e9 n\u00e3o tem sequer tratamento de \u00e1gua para parte da popula\u00e7\u00e3o, nem atendimento adequado para doen\u00e7as como o c\u00e2ncer. A narrativa de que a expans\u00e3o do petr\u00f3leo financia a transi\u00e7\u00e3o energ\u00e9tica n\u00e3o se sustenta quando observamos que 95% do faturamento da Petrobras segue destinado ao pr\u00f3prio petr\u00f3leo. A empresa poderia estar liderando projetos de energia offshore, mas essas iniciativas est\u00e3o nas m\u00e3os de outras companhias, sem coordena\u00e7\u00e3o nacional \u2014 algo que poderia ser conduzido pela Petrobras.<\/p>\n\n\n\n<p><\/p>\n\n\n\n<p><\/p>\n\n\n\n<p>O bloco 59 \u00e9 a porta de entrada para toda a expans\u00e3o na costa amaz\u00f4nica. Fizemos litig\u00e2ncia e campanhas para demonstrar isso. Todas as bacias deveriam passar por Avalia\u00e7\u00f5es Ambientais de \u00c1rea Sedimentar (AAS), que identificam os impactos reais sobre a biodiversidade. Hoje, apenas duas bacias no Brasil possuem AAS; mesmo assim, estamos abrindo a \u2018porteira\u2019 da costa amaz\u00f4nica para licenciamentos sem esse estudo. A base hidrodin\u00e2mica usada \u00e9 antiga \u2014 tanto que o Ibama exigiu da Petrobras uma nova modelagem. Infelizmente, as decis\u00f5es n\u00e3o est\u00e3o sendo guiadas pela ci\u00eancia.<\/p>\n\n\n\n<p><\/p>\n\n\n\n<p><\/p>\n\n\n\n<p>O que mais me preocupa \u00e9 que as comunidades n\u00e3o foram consultadas, o que viola a Conven\u00e7\u00e3o 169 da OIT. Nem o Ibama, nem o Minist\u00e9rio de Minas e Energia, nem o Minist\u00e9rio P\u00fablico Federal, nem a Petrobras realizaram consultas adequadas. O Brasil quer se tornar o quarto maior produtor de petr\u00f3leo do mundo \u2014 isso significa que essas popula\u00e7\u00f5es continuar\u00e3o sendo ignoradas e n\u00e3o ter\u00e3o voz no processo.<\/p>\n\n\n\n<p><\/p>\n\n\n\n<p><\/p>\n\n\n\n<p>Estamos aumentando a energia solar e e\u00f3lica, mas ao mesmo tempo ampliando termel\u00e9tricas que v\u00e3o operar pelos pr\u00f3ximos 30 anos, carbonizando ainda mais a matriz. Hoje, cerca de 50% da nossa matriz energ\u00e9tica \u00e9 f\u00f3ssil. Precisamos discutir a transi\u00e7\u00e3o energ\u00e9tica com base na ci\u00eancia, n\u00e3o em narrativas. \u00c9 urgente trazer fatos para o centro desse debate.\u201d<\/p>\n\n\n\n<p><\/p>\n\n\n\n<p><\/p>\n\n\n\n<h3 class=\"wp-block-heading\">Informa\u00e7\u00e3o como ferramenta de incid\u00eancia pan-amaz\u00f4nica<\/h3>\n\n\n\n<p><\/p>\n\n\n\n<p><\/p>\n\n\n\n<p>Juliana Strobel, diretora de A\u00e7\u00e3o Clim\u00e1tica da Fundaci\u00f3n Avina, destacou a import\u00e2ncia da articula\u00e7\u00e3o regional.<\/p>\n\n\n\n<p>\u201cEste \u00e9 um trabalho pan-amaz\u00f4nico. H\u00e1 explora\u00e7\u00e3o na foz do Amazonas no Peru que chega \u00e0 Amaz\u00f4nia brasileira. Precisamos de a\u00e7\u00f5es de incid\u00eancia e litig\u00e2ncia que atravessam fronteiras. Informa\u00e7\u00e3o \u00e9 um bem p\u00fablico e deve ser acess\u00edvel para que a sociedade entenda o que est\u00e1 em jogo.\u201d<\/p>\n\n\n\n<p><\/p>\n\n\n\n<p><\/p>\n\n\n\n<p>Ela refor\u00e7ou que apenas com colabora\u00e7\u00e3o real entre organiza\u00e7\u00f5es \u00e9 poss\u00edvel influenciar tomadores de decis\u00e3o e combater modelos energ\u00e9ticos que amea\u00e7am o bioma.<\/p>\n\n\n\n<p><\/p>\n\n\n\n<p><\/p>\n\n\n\n<h3 class=\"wp-block-heading\">A voz dos territ\u00f3rios: urg\u00eancia e resist\u00eancia<\/h3>\n\n\n\n<p>A lideran\u00e7a ind\u00edgena <strong>Luene Karipuna<\/strong>, da Terra Ind\u00edgena Ua\u00e7\u00e1 (AP), trouxe a dimens\u00e3o humana e territorial para o centro da discuss\u00e3o.<\/p>\n\n\n\n<p><\/p>\n\n\n\n<p><\/p>\n\n\n\n<p>\u201cA import\u00e2ncia deste material \u00e9 que ele fala a verdade. \u00c9 independente, n\u00e3o tem v\u00ednculo com governo, e mostra o que realmente acontece nos territ\u00f3rios\u201d, afirmou.<\/p>\n\n\n\n<p><\/p>\n\n\n\n<p><\/p>\n\n\n\n<p>Luene recordou que o debate sobre o bloco 59 s\u00f3 ganhou visibilidade ap\u00f3s o mapeamento apresentado pela ARAYARA nas mobiliza\u00e7\u00f5es do ATL (Acampamento Terra Livre).<\/p>\n\n\n\n<p><\/p>\n\n\n\n<p><\/p>\n\n\n\n<p>\u201cFicamos em choque. N\u00e3o sab\u00edamos da dimens\u00e3o dessa amea\u00e7a. O material despertou nossas lideran\u00e7as e mostrou que a transi\u00e7\u00e3o energ\u00e9tica precisa ser justa \u2014 feita conosco, n\u00e3o de cima para baixo.\u201d<\/p>\n\n\n\n<p><\/p>\n\n\n\n<p><\/p>\n\n\n\n<p>Ela relatou ainda o agravamento de conflitos e press\u00f5es pol\u00edticas na regi\u00e3o:<br>\u201cO que mais d\u00f3i \u00e9 quando colocam parentes contra parentes. \u00c9 uma regi\u00e3o sens\u00edvel, de fronteira, e esquecida. H\u00e1 sobrevoos constantes, grilagem legalizada e inseguran\u00e7a territorial gigantesca.\u201d<\/p>\n\n\n\n<p><\/p>\n\n\n\n<p><\/p>\n\n\n\n<p>Luene fez um apelo emocionado:<br>\u201cN\u00e3o vamos conseguir parar a perfura\u00e7\u00e3o sozinhos. O bloco 59 \u00e9 responsabilidade do mundo. Essa COP n\u00e3o pode ser s\u00f3 de implementa\u00e7\u00e3o, mas de a\u00e7\u00e3o concreta. N\u00e3o podemos pagar a conta dos pa\u00edses desenvolvidos com nossas vidas e nossos territ\u00f3rios.\u201d<\/p>\n\n\n\n<p><\/p>\n\n\n\n<p><\/p>\n\n\n\n<h3 class=\"wp-block-heading\">Ci\u00eancia, jornalismo e justi\u00e7a clim\u00e1tica como caminho comum<\/h3>\n\n\n\n<p><\/p>\n\n\n\n<p><\/p>\n\n\n\n<p>O evento refor\u00e7ou a necessidade de unir dados, investiga\u00e7\u00e3o e a\u00e7\u00e3o pol\u00edtica para defender a Amaz\u00f4nia diante da intensifica\u00e7\u00e3o dos projetos petrol\u00edferos.<\/p>\n\n\n\n<p><\/p>\n\n\n\n<p><\/p>\n\n\n\n<p>O livro-reportagem e o relat\u00f3rio de incid\u00eancia consolidam informa\u00e7\u00f5es in\u00e9ditas e oferecem recomenda\u00e7\u00f5es para reduzir a depend\u00eancia dos f\u00f3sseis e construir uma transi\u00e7\u00e3o energ\u00e9tica baseada na justi\u00e7a clim\u00e1tica e na ci\u00eancia \u2014 n\u00e3o em narrativas.<\/p>\n\n\n\n<p><\/p>\n\n\n\n<p><\/p>\n\n\n\n<p>O ARAYARA Amazon Climate Hub seguir\u00e1 com programa\u00e7\u00e3o ativa durante a COP30, com debates, oficinas e transmiss\u00f5es ao vivo, articulando saberes t\u00e9cnicos, ancestrais e comunit\u00e1rios para fortalecer a resist\u00eancia amaz\u00f4nica e construir caminhos reais para a transi\u00e7\u00e3o.<\/p>\n","protected":false},"excerpt":{"rendered":"<p>O ARAYARA Amazon Climate Hub sediou nesta segunda (10), durante a COP30 em Bel\u00e9m (PA), o evento \u201cPetr\u00f3leo na Amaz\u00f4nia \u2013 Amea\u00e7as, Resist\u00eancias e Caminhos para a Transi\u00e7\u00e3o\u201d, que marcou o lan\u00e7amento do livro-reportagem At\u00e9 a \u00daltima Gota, produzido pela&#8230;<\/p>\n","protected":false},"author":8,"featured_media":32492,"comment_status":"open","ping_status":"open","sticky":false,"template":"","format":"standard","meta":{"_eb_attr":"","_themeisle_gutenberg_block_has_review":false,"footnotes":""},"categories":[1],"tags":[],"class_list":["post-32491","post","type-post","status-publish","format-standard","has-post-thumbnail","hentry","category-sem-categoria"],"yoast_head":"<!-- This site is optimized with the Yoast SEO plugin v26.2 - https:\/\/yoast.com\/wordpress\/plugins\/seo\/ -->\n<title>Na COP30, evento debate amea\u00e7as do petr\u00f3leo na Amaz\u00f4nia e lan\u00e7a livro-reportagem \u201cAt\u00e9 a \u00daltima Gota\u201d - Amazon Climate Hub<\/title>\n<meta name=\"description\" content=\"O ARAYARA Amazon Climate Hub sediou nesta segunda (10), durante a COP30 em Bel\u00e9m (PA), o evento \u201cPetr\u00f3leo na Amaz\u00f4nia \u2013 Amea\u00e7as, Resist\u00eancias e Caminhos para a Transi\u00e7\u00e3o\u201d, que marcou o lan\u00e7amento do livro-reportagem At\u00e9 a \u00daltima Gota, produzido pela InfoAmazonia em parceria com ve\u00edculos da Pan-Amaz\u00f4nia, e do relat\u00f3rio de incid\u00eancia desenvolvido pela Fundaci\u00f3n Avina e pelo Instituto Internacional ARAYARA.\" \/>\n<meta name=\"robots\" content=\"index, follow, max-snippet:-1, max-image-preview:large, max-video-preview:-1\" \/>\n<link rel=\"canonical\" href=\"https:\/\/amazonclimatehub.org\/?p=32491\" \/>\n<meta property=\"og:locale\" content=\"pt_BR\" \/>\n<meta property=\"og:type\" content=\"article\" \/>\n<meta property=\"og:title\" content=\"Na COP30, evento debate amea\u00e7as do petr\u00f3leo na Amaz\u00f4nia e lan\u00e7a livro-reportagem \u201cAt\u00e9 a \u00daltima Gota\u201d - Amazon Climate Hub\" \/>\n<meta property=\"og:description\" content=\"O ARAYARA Amazon Climate Hub sediou nesta segunda (10), durante a COP30 em Bel\u00e9m (PA), o evento \u201cPetr\u00f3leo na Amaz\u00f4nia \u2013 Amea\u00e7as, Resist\u00eancias e Caminhos para a Transi\u00e7\u00e3o\u201d, que marcou o lan\u00e7amento do livro-reportagem At\u00e9 a \u00daltima Gota, produzido pela InfoAmazonia em parceria com ve\u00edculos da Pan-Amaz\u00f4nia, e do relat\u00f3rio de incid\u00eancia desenvolvido pela Fundaci\u00f3n Avina e pelo Instituto Internacional ARAYARA.\" \/>\n<meta property=\"og:url\" content=\"https:\/\/amazonclimatehub.org\/?p=32491\" \/>\n<meta property=\"og:site_name\" content=\"Amazon Climate Hub\" \/>\n<meta property=\"article:publisher\" content=\"https:\/\/www.facebook.com\/arayaraoficial\" \/>\n<meta property=\"article:published_time\" content=\"2025-11-10T20:31:31+00:00\" \/>\n<meta property=\"article:modified_time\" content=\"2025-11-10T20:46:43+00:00\" \/>\n<meta property=\"og:image\" content=\"https:\/\/amazonclimatehub.org\/wp-content\/uploads\/2025\/11\/ate-a-ultima-gota-1024x410.png\" \/>\n\t<meta property=\"og:image:width\" content=\"1024\" \/>\n\t<meta property=\"og:image:height\" content=\"410\" \/>\n\t<meta property=\"og:image:type\" content=\"image\/png\" \/>\n<meta name=\"author\" content=\"Nivia Cerqueira\" \/>\n<meta name=\"twitter:card\" content=\"summary_large_image\" \/>\n<meta name=\"twitter:creator\" content=\"@arayaraoficial\" \/>\n<meta name=\"twitter:site\" content=\"@arayaraoficial\" \/>\n<meta name=\"twitter:label1\" content=\"Escrito por\" \/>\n\t<meta name=\"twitter:data1\" content=\"Nivia Cerqueira\" \/>\n\t<meta name=\"twitter:label2\" content=\"Est. tempo de leitura\" \/>\n\t<meta name=\"twitter:data2\" content=\"7 minutos\" \/>\n<script type=\"application\/ld+json\" class=\"yoast-schema-graph\">{\"@context\":\"https:\/\/schema.org\",\"@graph\":[{\"@type\":\"Article\",\"@id\":\"https:\/\/amazonclimatehub.org\/?p=32491#article\",\"isPartOf\":{\"@id\":\"https:\/\/amazonclimatehub.org\/?p=32491\"},\"author\":{\"name\":\"Nivia Cerqueira\",\"@id\":\"https:\/\/amazonclimatehub.org\/#\/schema\/person\/c9e0e08bee355119abf5e7788e4d8fba\"},\"headline\":\"Na COP30, evento debate amea\u00e7as do petr\u00f3leo na Amaz\u00f4nia e lan\u00e7a livro-reportagem \u201cAt\u00e9 a \u00daltima Gota\u201d\",\"datePublished\":\"2025-11-10T20:31:31+00:00\",\"dateModified\":\"2025-11-10T20:46:43+00:00\",\"mainEntityOfPage\":{\"@id\":\"https:\/\/amazonclimatehub.org\/?p=32491\"},\"wordCount\":1378,\"commentCount\":0,\"publisher\":{\"@id\":\"https:\/\/amazonclimatehub.org\/#organization\"},\"image\":{\"@id\":\"https:\/\/amazonclimatehub.org\/?p=32491#primaryimage\"},\"thumbnailUrl\":\"https:\/\/amazonclimatehub.org\/wp-content\/uploads\/2025\/11\/ate-a-ultima-gota.png\",\"inLanguage\":\"pt-BR\",\"potentialAction\":[{\"@type\":\"CommentAction\",\"name\":\"Comment\",\"target\":[\"https:\/\/amazonclimatehub.org\/?p=32491#respond\"]}]},{\"@type\":\"WebPage\",\"@id\":\"https:\/\/amazonclimatehub.org\/?p=32491\",\"url\":\"https:\/\/amazonclimatehub.org\/?p=32491\",\"name\":\"Na COP30, evento debate amea\u00e7as do petr\u00f3leo na Amaz\u00f4nia e lan\u00e7a livro-reportagem \u201cAt\u00e9 a \u00daltima Gota\u201d - Amazon Climate Hub\",\"isPartOf\":{\"@id\":\"https:\/\/amazonclimatehub.org\/#website\"},\"primaryImageOfPage\":{\"@id\":\"https:\/\/amazonclimatehub.org\/?p=32491#primaryimage\"},\"image\":{\"@id\":\"https:\/\/amazonclimatehub.org\/?p=32491#primaryimage\"},\"thumbnailUrl\":\"https:\/\/amazonclimatehub.org\/wp-content\/uploads\/2025\/11\/ate-a-ultima-gota.png\",\"datePublished\":\"2025-11-10T20:31:31+00:00\",\"dateModified\":\"2025-11-10T20:46:43+00:00\",\"description\":\"O ARAYARA Amazon Climate Hub sediou nesta segunda (10), durante a COP30 em Bel\u00e9m (PA), o evento \u201cPetr\u00f3leo na Amaz\u00f4nia \u2013 Amea\u00e7as, Resist\u00eancias e Caminhos para a Transi\u00e7\u00e3o\u201d, que marcou o lan\u00e7amento do livro-reportagem At\u00e9 a \u00daltima Gota, produzido pela InfoAmazonia em parceria com ve\u00edculos da Pan-Amaz\u00f4nia, e do relat\u00f3rio de incid\u00eancia desenvolvido pela Fundaci\u00f3n Avina e pelo Instituto Internacional ARAYARA.\",\"breadcrumb\":{\"@id\":\"https:\/\/amazonclimatehub.org\/?p=32491#breadcrumb\"},\"inLanguage\":\"pt-BR\",\"potentialAction\":[{\"@type\":\"ReadAction\",\"target\":[\"https:\/\/amazonclimatehub.org\/?p=32491\"]}]},{\"@type\":\"ImageObject\",\"inLanguage\":\"pt-BR\",\"@id\":\"https:\/\/amazonclimatehub.org\/?p=32491#primaryimage\",\"url\":\"https:\/\/amazonclimatehub.org\/wp-content\/uploads\/2025\/11\/ate-a-ultima-gota.png\",\"contentUrl\":\"https:\/\/amazonclimatehub.org\/wp-content\/uploads\/2025\/11\/ate-a-ultima-gota.png\",\"width\":1920,\"height\":768},{\"@type\":\"BreadcrumbList\",\"@id\":\"https:\/\/amazonclimatehub.org\/?p=32491#breadcrumb\",\"itemListElement\":[{\"@type\":\"ListItem\",\"position\":1,\"name\":\"In\u00edcio\",\"item\":\"https:\/\/amazonclimatehub.org\/\"},{\"@type\":\"ListItem\",\"position\":2,\"name\":\"Na COP30, evento debate amea\u00e7as do petr\u00f3leo na Amaz\u00f4nia e lan\u00e7a livro-reportagem \u201cAt\u00e9 a \u00daltima Gota\u201d\"}]},{\"@type\":\"WebSite\",\"@id\":\"https:\/\/amazonclimatehub.org\/#website\",\"url\":\"https:\/\/amazonclimatehub.org\/\",\"name\":\"Amazon Climate Hub\",\"description\":\"A Casa da ARAYARA na COP30\",\"publisher\":{\"@id\":\"https:\/\/amazonclimatehub.org\/#organization\"},\"potentialAction\":[{\"@type\":\"SearchAction\",\"target\":{\"@type\":\"EntryPoint\",\"urlTemplate\":\"https:\/\/amazonclimatehub.org\/?s={search_term_string}\"},\"query-input\":{\"@type\":\"PropertyValueSpecification\",\"valueRequired\":true,\"valueName\":\"search_term_string\"}}],\"inLanguage\":\"pt-BR\"},{\"@type\":\"Organization\",\"@id\":\"https:\/\/amazonclimatehub.org\/#organization\",\"name\":\"ARAYARA\",\"url\":\"https:\/\/amazonclimatehub.org\/\",\"logo\":{\"@type\":\"ImageObject\",\"inLanguage\":\"pt-BR\",\"@id\":\"https:\/\/amazonclimatehub.org\/#\/schema\/logo\/image\/\",\"url\":\"https:\/\/amazonclimatehub.org\/wp-content\/uploads\/2025\/08\/Logo-ARAYARA-AMAZON-CLIMATE-HUB-seo@150x-100-scaled.jpg\",\"contentUrl\":\"https:\/\/amazonclimatehub.org\/wp-content\/uploads\/2025\/08\/Logo-ARAYARA-AMAZON-CLIMATE-HUB-seo@150x-100-scaled.jpg\",\"width\":2560,\"height\":1440,\"caption\":\"ARAYARA\"},\"image\":{\"@id\":\"https:\/\/amazonclimatehub.org\/#\/schema\/logo\/image\/\"},\"sameAs\":[\"https:\/\/www.facebook.com\/arayaraoficial\",\"https:\/\/x.com\/arayaraoficial\",\"https:\/\/www.instagram.com\/arayaraoficial\/\",\"https:\/\/www.youtube.com\/@ArayaraOficial\",\"https:\/\/www.linkedin.com\/company\/instituto-internacional-arayara\/\"]},{\"@type\":\"Person\",\"@id\":\"https:\/\/amazonclimatehub.org\/#\/schema\/person\/c9e0e08bee355119abf5e7788e4d8fba\",\"name\":\"Nivia Cerqueira\",\"image\":{\"@type\":\"ImageObject\",\"inLanguage\":\"pt-BR\",\"@id\":\"https:\/\/amazonclimatehub.org\/#\/schema\/person\/image\/\",\"url\":\"https:\/\/secure.gravatar.com\/avatar\/86b576a5601953f8a95750769820944ffe60db153215c1aa4cc529fe2da7d653?s=96&d=mm&r=g\",\"contentUrl\":\"https:\/\/secure.gravatar.com\/avatar\/86b576a5601953f8a95750769820944ffe60db153215c1aa4cc529fe2da7d653?s=96&d=mm&r=g\",\"caption\":\"Nivia Cerqueira\"},\"url\":\"https:\/\/amazonclimatehub.org\/?author=8\"}]}<\/script>\n<!-- \/ Yoast SEO plugin. -->","yoast_head_json":{"title":"Na COP30, evento debate amea\u00e7as do petr\u00f3leo na Amaz\u00f4nia e lan\u00e7a livro-reportagem \u201cAt\u00e9 a \u00daltima Gota\u201d - Amazon Climate Hub","description":"O ARAYARA Amazon Climate Hub sediou nesta segunda (10), durante a COP30 em Bel\u00e9m (PA), o evento \u201cPetr\u00f3leo na Amaz\u00f4nia \u2013 Amea\u00e7as, Resist\u00eancias e Caminhos para a Transi\u00e7\u00e3o\u201d, que marcou o lan\u00e7amento do livro-reportagem At\u00e9 a \u00daltima Gota, produzido pela InfoAmazonia em parceria com ve\u00edculos da Pan-Amaz\u00f4nia, e do relat\u00f3rio de incid\u00eancia desenvolvido pela Fundaci\u00f3n Avina e pelo Instituto Internacional ARAYARA.","robots":{"index":"index","follow":"follow","max-snippet":"max-snippet:-1","max-image-preview":"max-image-preview:large","max-video-preview":"max-video-preview:-1"},"canonical":"https:\/\/amazonclimatehub.org\/?p=32491","og_locale":"pt_BR","og_type":"article","og_title":"Na COP30, evento debate amea\u00e7as do petr\u00f3leo na Amaz\u00f4nia e lan\u00e7a livro-reportagem \u201cAt\u00e9 a \u00daltima Gota\u201d - Amazon Climate Hub","og_description":"O ARAYARA Amazon Climate Hub sediou nesta segunda (10), durante a COP30 em Bel\u00e9m (PA), o evento \u201cPetr\u00f3leo na Amaz\u00f4nia \u2013 Amea\u00e7as, Resist\u00eancias e Caminhos para a Transi\u00e7\u00e3o\u201d, que marcou o lan\u00e7amento do livro-reportagem At\u00e9 a \u00daltima Gota, produzido pela InfoAmazonia em parceria com ve\u00edculos da Pan-Amaz\u00f4nia, e do relat\u00f3rio de incid\u00eancia desenvolvido pela Fundaci\u00f3n Avina e pelo Instituto Internacional ARAYARA.","og_url":"https:\/\/amazonclimatehub.org\/?p=32491","og_site_name":"Amazon Climate Hub","article_publisher":"https:\/\/www.facebook.com\/arayaraoficial","article_published_time":"2025-11-10T20:31:31+00:00","article_modified_time":"2025-11-10T20:46:43+00:00","og_image":[{"width":1024,"height":410,"url":"https:\/\/amazonclimatehub.org\/wp-content\/uploads\/2025\/11\/ate-a-ultima-gota-1024x410.png","type":"image\/png"}],"author":"Nivia Cerqueira","twitter_card":"summary_large_image","twitter_creator":"@arayaraoficial","twitter_site":"@arayaraoficial","twitter_misc":{"Escrito por":"Nivia Cerqueira","Est. tempo de leitura":"7 minutos"},"schema":{"@context":"https:\/\/schema.org","@graph":[{"@type":"Article","@id":"https:\/\/amazonclimatehub.org\/?p=32491#article","isPartOf":{"@id":"https:\/\/amazonclimatehub.org\/?p=32491"},"author":{"name":"Nivia Cerqueira","@id":"https:\/\/amazonclimatehub.org\/#\/schema\/person\/c9e0e08bee355119abf5e7788e4d8fba"},"headline":"Na COP30, evento debate amea\u00e7as do petr\u00f3leo na Amaz\u00f4nia e lan\u00e7a livro-reportagem \u201cAt\u00e9 a \u00daltima Gota\u201d","datePublished":"2025-11-10T20:31:31+00:00","dateModified":"2025-11-10T20:46:43+00:00","mainEntityOfPage":{"@id":"https:\/\/amazonclimatehub.org\/?p=32491"},"wordCount":1378,"commentCount":0,"publisher":{"@id":"https:\/\/amazonclimatehub.org\/#organization"},"image":{"@id":"https:\/\/amazonclimatehub.org\/?p=32491#primaryimage"},"thumbnailUrl":"https:\/\/amazonclimatehub.org\/wp-content\/uploads\/2025\/11\/ate-a-ultima-gota.png","inLanguage":"pt-BR","potentialAction":[{"@type":"CommentAction","name":"Comment","target":["https:\/\/amazonclimatehub.org\/?p=32491#respond"]}]},{"@type":"WebPage","@id":"https:\/\/amazonclimatehub.org\/?p=32491","url":"https:\/\/amazonclimatehub.org\/?p=32491","name":"Na COP30, evento debate amea\u00e7as do petr\u00f3leo na Amaz\u00f4nia e lan\u00e7a livro-reportagem \u201cAt\u00e9 a \u00daltima Gota\u201d - Amazon Climate Hub","isPartOf":{"@id":"https:\/\/amazonclimatehub.org\/#website"},"primaryImageOfPage":{"@id":"https:\/\/amazonclimatehub.org\/?p=32491#primaryimage"},"image":{"@id":"https:\/\/amazonclimatehub.org\/?p=32491#primaryimage"},"thumbnailUrl":"https:\/\/amazonclimatehub.org\/wp-content\/uploads\/2025\/11\/ate-a-ultima-gota.png","datePublished":"2025-11-10T20:31:31+00:00","dateModified":"2025-11-10T20:46:43+00:00","description":"O ARAYARA Amazon Climate Hub sediou nesta segunda (10), durante a COP30 em Bel\u00e9m (PA), o evento \u201cPetr\u00f3leo na Amaz\u00f4nia \u2013 Amea\u00e7as, Resist\u00eancias e Caminhos para a Transi\u00e7\u00e3o\u201d, que marcou o lan\u00e7amento do livro-reportagem At\u00e9 a \u00daltima Gota, produzido pela InfoAmazonia em parceria com ve\u00edculos da Pan-Amaz\u00f4nia, e do relat\u00f3rio de incid\u00eancia desenvolvido pela Fundaci\u00f3n Avina e pelo Instituto Internacional ARAYARA.","breadcrumb":{"@id":"https:\/\/amazonclimatehub.org\/?p=32491#breadcrumb"},"inLanguage":"pt-BR","potentialAction":[{"@type":"ReadAction","target":["https:\/\/amazonclimatehub.org\/?p=32491"]}]},{"@type":"ImageObject","inLanguage":"pt-BR","@id":"https:\/\/amazonclimatehub.org\/?p=32491#primaryimage","url":"https:\/\/amazonclimatehub.org\/wp-content\/uploads\/2025\/11\/ate-a-ultima-gota.png","contentUrl":"https:\/\/amazonclimatehub.org\/wp-content\/uploads\/2025\/11\/ate-a-ultima-gota.png","width":1920,"height":768},{"@type":"BreadcrumbList","@id":"https:\/\/amazonclimatehub.org\/?p=32491#breadcrumb","itemListElement":[{"@type":"ListItem","position":1,"name":"In\u00edcio","item":"https:\/\/amazonclimatehub.org\/"},{"@type":"ListItem","position":2,"name":"Na COP30, evento debate amea\u00e7as do petr\u00f3leo na Amaz\u00f4nia e lan\u00e7a livro-reportagem \u201cAt\u00e9 a \u00daltima Gota\u201d"}]},{"@type":"WebSite","@id":"https:\/\/amazonclimatehub.org\/#website","url":"https:\/\/amazonclimatehub.org\/","name":"Amazon Climate Hub","description":"A Casa da ARAYARA na COP30","publisher":{"@id":"https:\/\/amazonclimatehub.org\/#organization"},"potentialAction":[{"@type":"SearchAction","target":{"@type":"EntryPoint","urlTemplate":"https:\/\/amazonclimatehub.org\/?s={search_term_string}"},"query-input":{"@type":"PropertyValueSpecification","valueRequired":true,"valueName":"search_term_string"}}],"inLanguage":"pt-BR"},{"@type":"Organization","@id":"https:\/\/amazonclimatehub.org\/#organization","name":"ARAYARA","url":"https:\/\/amazonclimatehub.org\/","logo":{"@type":"ImageObject","inLanguage":"pt-BR","@id":"https:\/\/amazonclimatehub.org\/#\/schema\/logo\/image\/","url":"https:\/\/amazonclimatehub.org\/wp-content\/uploads\/2025\/08\/Logo-ARAYARA-AMAZON-CLIMATE-HUB-seo@150x-100-scaled.jpg","contentUrl":"https:\/\/amazonclimatehub.org\/wp-content\/uploads\/2025\/08\/Logo-ARAYARA-AMAZON-CLIMATE-HUB-seo@150x-100-scaled.jpg","width":2560,"height":1440,"caption":"ARAYARA"},"image":{"@id":"https:\/\/amazonclimatehub.org\/#\/schema\/logo\/image\/"},"sameAs":["https:\/\/www.facebook.com\/arayaraoficial","https:\/\/x.com\/arayaraoficial","https:\/\/www.instagram.com\/arayaraoficial\/","https:\/\/www.youtube.com\/@ArayaraOficial","https:\/\/www.linkedin.com\/company\/instituto-internacional-arayara\/"]},{"@type":"Person","@id":"https:\/\/amazonclimatehub.org\/#\/schema\/person\/c9e0e08bee355119abf5e7788e4d8fba","name":"Nivia Cerqueira","image":{"@type":"ImageObject","inLanguage":"pt-BR","@id":"https:\/\/amazonclimatehub.org\/#\/schema\/person\/image\/","url":"https:\/\/secure.gravatar.com\/avatar\/86b576a5601953f8a95750769820944ffe60db153215c1aa4cc529fe2da7d653?s=96&d=mm&r=g","contentUrl":"https:\/\/secure.gravatar.com\/avatar\/86b576a5601953f8a95750769820944ffe60db153215c1aa4cc529fe2da7d653?s=96&d=mm&r=g","caption":"Nivia Cerqueira"},"url":"https:\/\/amazonclimatehub.org\/?author=8"}]}},"_links":{"self":[{"href":"https:\/\/amazonclimatehub.org\/index.php?rest_route=\/wp\/v2\/posts\/32491","targetHints":{"allow":["GET"]}}],"collection":[{"href":"https:\/\/amazonclimatehub.org\/index.php?rest_route=\/wp\/v2\/posts"}],"about":[{"href":"https:\/\/amazonclimatehub.org\/index.php?rest_route=\/wp\/v2\/types\/post"}],"author":[{"embeddable":true,"href":"https:\/\/amazonclimatehub.org\/index.php?rest_route=\/wp\/v2\/users\/8"}],"replies":[{"embeddable":true,"href":"https:\/\/amazonclimatehub.org\/index.php?rest_route=%2Fwp%2Fv2%2Fcomments&post=32491"}],"version-history":[{"count":4,"href":"https:\/\/amazonclimatehub.org\/index.php?rest_route=\/wp\/v2\/posts\/32491\/revisions"}],"predecessor-version":[{"id":32499,"href":"https:\/\/amazonclimatehub.org\/index.php?rest_route=\/wp\/v2\/posts\/32491\/revisions\/32499"}],"wp:featuredmedia":[{"embeddable":true,"href":"https:\/\/amazonclimatehub.org\/index.php?rest_route=\/wp\/v2\/media\/32492"}],"wp:attachment":[{"href":"https:\/\/amazonclimatehub.org\/index.php?rest_route=%2Fwp%2Fv2%2Fmedia&parent=32491"}],"wp:term":[{"taxonomy":"category","embeddable":true,"href":"https:\/\/amazonclimatehub.org\/index.php?rest_route=%2Fwp%2Fv2%2Fcategories&post=32491"},{"taxonomy":"post_tag","embeddable":true,"href":"https:\/\/amazonclimatehub.org\/index.php?rest_route=%2Fwp%2Fv2%2Ftags&post=32491"}],"curies":[{"name":"wp","href":"https:\/\/api.w.org\/{rel}","templated":true}]}}