{"id":32560,"date":"2025-11-11T19:02:52","date_gmt":"2025-11-11T22:02:52","guid":{"rendered":"https:\/\/amazonclimatehub.org\/?p=32560"},"modified":"2025-11-11T19:02:53","modified_gmt":"2025-11-11T22:02:53","slug":"science-panel-for-the-amazon-lanca-novo-relatorio-cientifico-durante-a-cop30-em-belem-2","status":"publish","type":"post","link":"https:\/\/amazonclimatehub.org\/?p=32560","title":{"rendered":"Science Panel for the Amazon lan\u00e7a novo relat\u00f3rio cient\u00edfico durante a COP30 em Bel\u00e9m"},"content":{"rendered":"\n<p><\/p>\n\n\n\n<p>O ARAYARA Amazon Climate Hub sediou hoje o evento <em>Science for an Interconnected Amazon: Findings from the Amazon Assessment Report 2025<\/em>, marcando o lan\u00e7amento oficial do <strong>Segundo Relat\u00f3rio de Avalia\u00e7\u00e3o da Amaz\u00f4nia (AR2025)<\/strong>, elaborado pelo <strong>Science Panel for the Amazon (SPA)<\/strong>.<\/p>\n\n\n\n<p><\/p>\n\n\n\n<p><\/p>\n\n\n\n<p>A iniciativa re\u00fane cientistas, povos ind\u00edgenas, comunidades tradicionais e institui\u00e7\u00f5es parceiras de toda a Pan-Amaz\u00f4nia, com o objetivo de fortalecer pol\u00edticas p\u00fablicas de conserva\u00e7\u00e3o e desenvolvimento sustent\u00e1vel.<\/p>\n\n\n\n<p><\/p>\n\n\n\n<p><\/p>\n\n\n\n<p>O relat\u00f3rio apresenta uma an\u00e1lise in\u00e9dita sobre as m\u00faltiplas conex\u00f5es ecol\u00f3gicas, sociais, culturais, pol\u00edticas e econ\u00f4micas que sustentam a Amaz\u00f4nia. Com oito cap\u00edtulos tem\u00e1ticos, sete deles liderados por autores ind\u00edgenas, o AR2025 oferece recomenda\u00e7\u00f5es baseadas em ci\u00eancia e saberes tradicionais para enfrentar os desafios e preservar a integridade da regi\u00e3o e de seus povos.<\/p>\n\n\n\n<p><\/p>\n\n\n\n<p><\/p>\n\n\n\n<h4 class=\"wp-block-heading\"><strong>Um di\u00e1logo entre saberes<\/strong><\/h4>\n\n\n\n<p><\/p>\n\n\n\n<p><\/p>\n\n\n\n<p>A abertura do evento contou com <strong>Marielos Pe\u00f1a-Claros<\/strong>, que destacou a import\u00e2ncia da coletividade: Marielos Pe\u00f1a-Claros destacou a import\u00e2ncia da coletividade no AR2025, reunindo 320 participantes de pa\u00edses amaz\u00f4nicos, incluindo pesquisadores, povos origin\u00e1rios e comunidades afrodescendentes. Ela ressaltou que os sistemas amaz\u00f4nicos s\u00e3o profundamente conectados, citando a \u00e1gua como exemplo simb\u00f3lico dessa interdepend\u00eancia. Frente \u00e0 urg\u00eancia da crise clim\u00e1tica, afirmou que as solu\u00e7\u00f5es n\u00e3o est\u00e3o apenas na ci\u00eancia, mas tamb\u00e9m nos territ\u00f3rios, refor\u00e7ando a necessidade de di\u00e1logo, troca de experi\u00eancias e constru\u00e7\u00e3o cont\u00ednua de conhecimento para proteger a Amaz\u00f4nia e seu papel vital para o futuro do planeta.<\/p>\n\n\n\n<p><\/p>\n\n\n\n<p><\/p>\n\n\n\n<p>O l\u00edder ind\u00edgena <strong>Greg\u00f3rio Mirabal<\/strong> destacou a import\u00e2ncia de reconectar os seres humanos \u00e0 natureza, lembrando que os mais de 4 milh\u00f5es de ind\u00edgenas da Amaz\u00f4nia possuem conhecimentos profundos sobre o territ\u00f3rio e a biodiversidade. Ele criticou a explora\u00e7\u00e3o desenfreada de recursos e a desconex\u00e3o das cidades modernas com o meio ambiente, refor\u00e7ando que a ci\u00eancia e os saberes ind\u00edgenas precisam dialogar. Segundo ele, o relat\u00f3rio AR2025 \u00e9 crucial por integrar esses conhecimentos e despertar consci\u00eancia sobre a preserva\u00e7\u00e3o da Amaz\u00f4nia e seu papel vital para a vida no planeta.<\/p>\n\n\n\n<p><\/p>\n\n\n\n<p><\/p>\n\n\n\n<h4 class=\"wp-block-heading\"><strong>Meios de Vida Sustent\u00e1veis e Bioeconomia<\/strong><\/h4>\n\n\n\n<p><\/p>\n\n\n\n<p><\/p>\n\n\n\n<p>O primeiro painel, sobre <strong>economias pr\u00f3prias e multifuncionais,<\/strong> destacou a import\u00e2ncia dos di\u00e1logos interculturais para enfrentar desafios da cadeia produtiva amaz\u00f4nica.&nbsp;<\/p>\n\n\n\n<p><\/p>\n\n\n\n<p><\/p>\n\n\n\n<p><strong>Maria P\u00e1scoa Sarmento de Sousa<\/strong>, quilombola e pesquisadora da UFPA, destacou que os di\u00e1logos de saberes s\u00e3o essenciais para a constru\u00e7\u00e3o da bioeconomia amaz\u00f4nica. Ela ressaltou o papel hist\u00f3rico e cont\u00ednuo dos quilombolas na defesa de mais de 2 milh\u00f5es de hectares de floresta nativa, enfrentando amea\u00e7as de expans\u00e3o agr\u00edcola e viol\u00eancia. As pr\u00e1ticas culturais e ancestrais sustentam modos de vida que preservam a biodiversidade e o clima. Maria P\u00e1scoa enfatizou a necessidade de participa\u00e7\u00e3o efetiva nos processos decis\u00f3rios, financiamento para pol\u00edticas pr\u00f3prias e educa\u00e7\u00e3o, al\u00e9m de garantir que recursos, como os do Fundo Amaz\u00f4nia, cheguem diretamente \u00e0s comunidades quilombolas..\u201d<\/p>\n\n\n\n<p><\/p>\n\n\n\n<p><\/p>\n\n\n\n<p>A antrop\u00f3loga colombiana <strong>Mariana G\u00f3mez Soto<\/strong>, autora-l\u00edder de um cap\u00edtulo sobre bioeconomia, afirmou: \u201c Di\u00e1logos interculturais s\u00e3o essenciais para enfrentar desafios na cadeia produtiva amaz\u00f4nica, considerando especificidades locais. A partir desse processo, foram identificadas 17 experi\u00eancias econ\u00f4micas relevantes e 15 princ\u00edpios estruturantes das economias locais, organizados em categorias sociais, culturais, organizacionais e de direitos, refor\u00e7ando a import\u00e2ncia do <strong>interc\u00e2mbio de saberes<\/strong> entre diferentes atores.\u201d<\/p>\n\n\n\n<p><\/p>\n\n\n\n<p><\/p>\n\n\n\n<h4 class=\"wp-block-heading\"><strong>Sa\u00fade e Bem-Viver Amaz\u00f4nico<\/strong><\/h4>\n\n\n\n<p><\/p>\n\n\n\n<p><\/p>\n\n\n\n<p>No segundo painel, os participantes discutiram o conceito de sa\u00fade \u00fanica, que integra aspectos espirituais, culturais e ambientais. A pesquisadora <strong>Sandra Racom, representante da Fiocruz, <\/strong>explicou:<\/p>\n\n\n\n<p><\/p>\n\n\n\n<p><\/p>\n\n\n\n<p>\u201cA sa\u00fade ind\u00edgena deve ser vista como um super sistema, integrando biodiversidade, saberes ancestrais e viv\u00eancia hist\u00f3rica. Ela alertou para os impactos das mudan\u00e7as clim\u00e1ticas, pragas, queimadas e uso de produtos qu\u00edmicos na alimenta\u00e7\u00e3o e sa\u00fade das comunidades. Racom enfatizou a necessidade de que o <strong>Minist\u00e9rio da Sa\u00fade <\/strong>proteja esses programas, garantindo protagonismo ind\u00edgena e valorizando a sa\u00fade \u00fanica, que conecta ambiente e bem-estar. A preserva\u00e7\u00e3o da vegeta\u00e7\u00e3o e o combate ao uso indiscriminado de agrot\u00f3xicos s\u00e3o essenciais para a manuten\u00e7\u00e3o da medicina ind\u00edgena e da vida nas comunidades.\u201d<\/p>\n\n\n\n<p><\/p>\n\n\n\n<p><\/p>\n\n\n\n<p>O l\u00edder ind\u00edgena <strong>Andr\u00e9 Baniwa<\/strong> acrescentou: \u201co conceito de sa\u00fade \u00fanica, presente na perspectiva ind\u00edgena do bem viver, integra aspectos espirituais, culturais e o cuidado com pessoas e territ\u00f3rios. As medicinas ind\u00edgenas, transmitidas ancestralmente, representam subsistemas de conhecimento muitas vezes desconsiderados pela ci\u00eancia moderna e pelo Estado. O <strong>Projeto Nacional das Medicinas Ind\u00edgenas<\/strong>, do Minist\u00e9rio da Sa\u00fade, busca reconhecer, proteger e integrar esses saberes \u00e0 pol\u00edtica p\u00fablica, promovendo equidade, preserva\u00e7\u00e3o territorial e atendimento \u00e0s demandas ind\u00edgenas.\u201d<\/p>\n\n\n\n<h4 class=\"wp-block-heading\"><strong>\u00a0<\/strong><\/h4>\n\n\n\n<p><\/p>\n\n\n\n<p><strong>Clima, Conectividade e Governan\u00e7a Territorial<\/strong><\/p>\n\n\n\n<p><\/p>\n\n\n\n<p><\/p>\n\n\n\n<p>O terceiro painel abordou a interdepend\u00eancia entre ecossistemas, povos e pol\u00edticas transfronteiri\u00e7as.&nbsp; <strong>Carmen Roses<\/strong>, bi\u00f3loga do Equador, ressaltou que o <strong>di\u00e1logo intercultural<\/strong> \u00e9 essencial para enfrentar desafios transfronteiri\u00e7os na Amaz\u00f4nia, conectando povos e incorporando diferentes perspectivas. Ela ressaltou a necessidade de gest\u00e3o integrada e sustent\u00e1vel da \u00e1gua e da biodiversidade, considerando a produ\u00e7\u00e3o local e os mercados. A governan\u00e7a \u00e9 complexa, especialmente em territ\u00f3rios com m\u00faltiplos governos e lideran\u00e7as, mas \u00e9 fundamental para promover o desenvolvimento sustent\u00e1vel.\u201d<\/p>\n\n\n\n<p><\/p>\n\n\n\n<p><\/p>\n\n\n\n<p><strong>Rufina<\/strong>, assessora pol\u00edtica da Associa\u00e7\u00e3o de Mulheres da Col\u00f4mbia, complementou: \u201cOs povos ind\u00edgenas s\u00e3o guardi\u00e3es da Amaz\u00f4nia, transmitindo conhecimentos ancestrais que mant\u00eam a vida e os territ\u00f3rios\u201d. Ela ressaltou que a governan\u00e7a deve ir al\u00e9m da gest\u00e3o f\u00edsica, interpretando a \u201clinguagem da vida\u201d e fortalecendo sistemas de conhecimento tradicionais. A integra\u00e7\u00e3o de saberes ancestrais e cient\u00edficos \u00e9 essencial para construir pol\u00edticas p\u00fablicas que preservem a cultura, a biodiversidade e os recursos da Amaz\u00f4nia, garantindo que esses conhecimentos continuem vivos e ativos.<\/p>\n\n\n\n<p><\/p>\n\n\n\n<p><\/p>\n\n\n\n<h4 class=\"wp-block-heading\"><strong>Construindo o futuro juntos<\/strong><\/h4>\n\n\n\n<p><\/p>\n\n\n\n<p><\/p>\n\n\n\n<p><strong>Isabela Leite<\/strong>, gerente do SPA, pontuou que o <strong>Science Panel for the Amazon (SPA)<\/strong> busca integrar conhecimento cient\u00edfico e saberes tradicionais para apoiar pol\u00edticas de conserva\u00e7\u00e3o e desenvolvimento sustent\u00e1vel. No relat\u00f3rio AR2025, 7 dos 8 cap\u00edtulos t\u00eam <strong>autores-l\u00edderes ind\u00edgenas<\/strong>, e o processo valorizou a <strong>oralidade<\/strong> para tornar o conhecimento mais inclusivo. Ela ressaltou os desafios da <strong>diversidade lingu\u00edstica<\/strong> e a import\u00e2ncia de disseminar mensagens-chave como ponto de partida para comunica\u00e7\u00e3o e a\u00e7\u00e3o futuras.<\/p>\n\n\n\n<p><\/p>\n\n\n\n<p><\/p>\n\n\n\n<p>A cientista <strong>Simone Athayde, representante do World Resources Institute,<\/strong> sintetizou: \u201c\u00e9 importante <strong>construir ideias coletivamente<\/strong> por meio da escuta ativa e do di\u00e1logo entre ci\u00eancia acad\u00eamica, povos ind\u00edgenas e quilombolas. Encontros interculturais geram resultados frut\u00edferos e enriquecem a constru\u00e7\u00e3o de conhecimento.\u201d<\/p>\n\n\n\n<p><\/p>\n\n\n\n<p><\/p>\n\n\n\n<p>O encerramento ficou por conta de <strong>Andr\u00e9 Baniwa<\/strong>, que refor\u00e7ou a import\u00e2ncia do <strong>bem viver<\/strong>: \u201cO bem viver representa uma oportunidade importante que precisa ser melhor compreendida e incorporada nos espa\u00e7os de atua\u00e7\u00e3o. Embora tenha sido fragilizado ao longo do tempo, \u00e9 essencial continuarmos refletindo e praticando seus princ\u00edpios na vida cotidiana.\u201d<\/p>\n","protected":false},"excerpt":{"rendered":"<p>O ARAYARA Amazon Climate Hub sediou hoje o evento Science for an Interconnected Amazon: Findings from the Amazon Assessment Report 2025, marcando o lan\u00e7amento oficial do Segundo Relat\u00f3rio de Avalia\u00e7\u00e3o da Amaz\u00f4nia (AR2025), elaborado pelo Science Panel for the Amazon&#8230;<\/p>\n","protected":false},"author":8,"featured_media":32561,"comment_status":"open","ping_status":"open","sticky":false,"template":"","format":"standard","meta":{"_eb_attr":"","_themeisle_gutenberg_block_has_review":false,"footnotes":""},"categories":[271],"tags":[],"class_list":["post-32560","post","type-post","status-publish","format-standard","has-post-thumbnail","hentry","category-cop30"],"yoast_head":"<!-- This site is optimized with the Yoast SEO plugin v26.2 - https:\/\/yoast.com\/wordpress\/plugins\/seo\/ -->\n<title>Science Panel for the Amazon lan\u00e7a novo relat\u00f3rio cient\u00edfico durante a COP30 em Bel\u00e9m - Amazon Climate Hub<\/title>\n<meta name=\"robots\" content=\"index, follow, max-snippet:-1, max-image-preview:large, max-video-preview:-1\" \/>\n<link rel=\"canonical\" href=\"https:\/\/amazonclimatehub.org\/?p=32560\" \/>\n<meta property=\"og:locale\" content=\"pt_BR\" \/>\n<meta property=\"og:type\" content=\"article\" \/>\n<meta property=\"og:title\" content=\"Science Panel for the Amazon lan\u00e7a novo relat\u00f3rio cient\u00edfico durante a COP30 em Bel\u00e9m - Amazon Climate Hub\" \/>\n<meta property=\"og:description\" content=\"O ARAYARA Amazon Climate Hub sediou hoje o evento Science for an Interconnected Amazon: Findings from the Amazon Assessment Report 2025, marcando o lan\u00e7amento oficial do Segundo Relat\u00f3rio de Avalia\u00e7\u00e3o da Amaz\u00f4nia (AR2025), elaborado pelo Science Panel for the Amazon...\" \/>\n<meta property=\"og:url\" content=\"https:\/\/amazonclimatehub.org\/?p=32560\" \/>\n<meta property=\"og:site_name\" content=\"Amazon Climate Hub\" \/>\n<meta property=\"article:publisher\" content=\"https:\/\/www.facebook.com\/arayaraoficial\" \/>\n<meta property=\"article:published_time\" content=\"2025-11-11T22:02:52+00:00\" \/>\n<meta property=\"article:modified_time\" content=\"2025-11-11T22:02:53+00:00\" \/>\n<meta property=\"og:image\" content=\"https:\/\/amazonclimatehub.org\/wp-content\/uploads\/2025\/11\/cientistas-1024x410.png\" \/>\n\t<meta property=\"og:image:width\" content=\"1024\" \/>\n\t<meta property=\"og:image:height\" content=\"410\" \/>\n\t<meta property=\"og:image:type\" content=\"image\/png\" \/>\n<meta name=\"author\" content=\"Nivia Cerqueira\" \/>\n<meta name=\"twitter:card\" content=\"summary_large_image\" \/>\n<meta name=\"twitter:creator\" content=\"@arayaraoficial\" \/>\n<meta name=\"twitter:site\" content=\"@arayaraoficial\" \/>\n<meta name=\"twitter:label1\" content=\"Escrito por\" \/>\n\t<meta name=\"twitter:data1\" content=\"Nivia Cerqueira\" \/>\n\t<meta name=\"twitter:label2\" content=\"Est. tempo de leitura\" \/>\n\t<meta name=\"twitter:data2\" content=\"6 minutos\" \/>\n<script type=\"application\/ld+json\" class=\"yoast-schema-graph\">{\"@context\":\"https:\/\/schema.org\",\"@graph\":[{\"@type\":\"Article\",\"@id\":\"https:\/\/amazonclimatehub.org\/?p=32560#article\",\"isPartOf\":{\"@id\":\"https:\/\/amazonclimatehub.org\/?p=32560\"},\"author\":{\"name\":\"Nivia Cerqueira\",\"@id\":\"https:\/\/amazonclimatehub.org\/#\/schema\/person\/c9e0e08bee355119abf5e7788e4d8fba\"},\"headline\":\"Science Panel for the Amazon lan\u00e7a novo relat\u00f3rio cient\u00edfico durante a COP30 em Bel\u00e9m\",\"datePublished\":\"2025-11-11T22:02:52+00:00\",\"dateModified\":\"2025-11-11T22:02:53+00:00\",\"mainEntityOfPage\":{\"@id\":\"https:\/\/amazonclimatehub.org\/?p=32560\"},\"wordCount\":1237,\"commentCount\":0,\"publisher\":{\"@id\":\"https:\/\/amazonclimatehub.org\/#organization\"},\"image\":{\"@id\":\"https:\/\/amazonclimatehub.org\/?p=32560#primaryimage\"},\"thumbnailUrl\":\"https:\/\/amazonclimatehub.org\/wp-content\/uploads\/2025\/11\/cientistas.png\",\"articleSection\":[\"COP30\"],\"inLanguage\":\"pt-BR\",\"potentialAction\":[{\"@type\":\"CommentAction\",\"name\":\"Comment\",\"target\":[\"https:\/\/amazonclimatehub.org\/?p=32560#respond\"]}]},{\"@type\":\"WebPage\",\"@id\":\"https:\/\/amazonclimatehub.org\/?p=32560\",\"url\":\"https:\/\/amazonclimatehub.org\/?p=32560\",\"name\":\"Science Panel for the Amazon lan\u00e7a novo relat\u00f3rio cient\u00edfico durante a COP30 em Bel\u00e9m - Amazon Climate Hub\",\"isPartOf\":{\"@id\":\"https:\/\/amazonclimatehub.org\/#website\"},\"primaryImageOfPage\":{\"@id\":\"https:\/\/amazonclimatehub.org\/?p=32560#primaryimage\"},\"image\":{\"@id\":\"https:\/\/amazonclimatehub.org\/?p=32560#primaryimage\"},\"thumbnailUrl\":\"https:\/\/amazonclimatehub.org\/wp-content\/uploads\/2025\/11\/cientistas.png\",\"datePublished\":\"2025-11-11T22:02:52+00:00\",\"dateModified\":\"2025-11-11T22:02:53+00:00\",\"breadcrumb\":{\"@id\":\"https:\/\/amazonclimatehub.org\/?p=32560#breadcrumb\"},\"inLanguage\":\"pt-BR\",\"potentialAction\":[{\"@type\":\"ReadAction\",\"target\":[\"https:\/\/amazonclimatehub.org\/?p=32560\"]}]},{\"@type\":\"ImageObject\",\"inLanguage\":\"pt-BR\",\"@id\":\"https:\/\/amazonclimatehub.org\/?p=32560#primaryimage\",\"url\":\"https:\/\/amazonclimatehub.org\/wp-content\/uploads\/2025\/11\/cientistas.png\",\"contentUrl\":\"https:\/\/amazonclimatehub.org\/wp-content\/uploads\/2025\/11\/cientistas.png\",\"width\":1920,\"height\":768},{\"@type\":\"BreadcrumbList\",\"@id\":\"https:\/\/amazonclimatehub.org\/?p=32560#breadcrumb\",\"itemListElement\":[{\"@type\":\"ListItem\",\"position\":1,\"name\":\"In\u00edcio\",\"item\":\"https:\/\/amazonclimatehub.org\/\"},{\"@type\":\"ListItem\",\"position\":2,\"name\":\"Science Panel for the Amazon lan\u00e7a novo relat\u00f3rio cient\u00edfico durante a COP30 em Bel\u00e9m\"}]},{\"@type\":\"WebSite\",\"@id\":\"https:\/\/amazonclimatehub.org\/#website\",\"url\":\"https:\/\/amazonclimatehub.org\/\",\"name\":\"Amazon Climate Hub\",\"description\":\"A Casa da ARAYARA na COP30\",\"publisher\":{\"@id\":\"https:\/\/amazonclimatehub.org\/#organization\"},\"potentialAction\":[{\"@type\":\"SearchAction\",\"target\":{\"@type\":\"EntryPoint\",\"urlTemplate\":\"https:\/\/amazonclimatehub.org\/?s={search_term_string}\"},\"query-input\":{\"@type\":\"PropertyValueSpecification\",\"valueRequired\":true,\"valueName\":\"search_term_string\"}}],\"inLanguage\":\"pt-BR\"},{\"@type\":\"Organization\",\"@id\":\"https:\/\/amazonclimatehub.org\/#organization\",\"name\":\"ARAYARA\",\"url\":\"https:\/\/amazonclimatehub.org\/\",\"logo\":{\"@type\":\"ImageObject\",\"inLanguage\":\"pt-BR\",\"@id\":\"https:\/\/amazonclimatehub.org\/#\/schema\/logo\/image\/\",\"url\":\"https:\/\/amazonclimatehub.org\/wp-content\/uploads\/2025\/08\/Logo-ARAYARA-AMAZON-CLIMATE-HUB-seo@150x-100-scaled.jpg\",\"contentUrl\":\"https:\/\/amazonclimatehub.org\/wp-content\/uploads\/2025\/08\/Logo-ARAYARA-AMAZON-CLIMATE-HUB-seo@150x-100-scaled.jpg\",\"width\":2560,\"height\":1440,\"caption\":\"ARAYARA\"},\"image\":{\"@id\":\"https:\/\/amazonclimatehub.org\/#\/schema\/logo\/image\/\"},\"sameAs\":[\"https:\/\/www.facebook.com\/arayaraoficial\",\"https:\/\/x.com\/arayaraoficial\",\"https:\/\/www.instagram.com\/arayaraoficial\/\",\"https:\/\/www.youtube.com\/@ArayaraOficial\",\"https:\/\/www.linkedin.com\/company\/instituto-internacional-arayara\/\"]},{\"@type\":\"Person\",\"@id\":\"https:\/\/amazonclimatehub.org\/#\/schema\/person\/c9e0e08bee355119abf5e7788e4d8fba\",\"name\":\"Nivia Cerqueira\",\"image\":{\"@type\":\"ImageObject\",\"inLanguage\":\"pt-BR\",\"@id\":\"https:\/\/amazonclimatehub.org\/#\/schema\/person\/image\/\",\"url\":\"https:\/\/secure.gravatar.com\/avatar\/86b576a5601953f8a95750769820944ffe60db153215c1aa4cc529fe2da7d653?s=96&d=mm&r=g\",\"contentUrl\":\"https:\/\/secure.gravatar.com\/avatar\/86b576a5601953f8a95750769820944ffe60db153215c1aa4cc529fe2da7d653?s=96&d=mm&r=g\",\"caption\":\"Nivia Cerqueira\"},\"url\":\"https:\/\/amazonclimatehub.org\/?author=8\"}]}<\/script>\n<!-- \/ Yoast SEO plugin. -->","yoast_head_json":{"title":"Science Panel for the Amazon lan\u00e7a novo relat\u00f3rio cient\u00edfico durante a COP30 em Bel\u00e9m - Amazon Climate Hub","robots":{"index":"index","follow":"follow","max-snippet":"max-snippet:-1","max-image-preview":"max-image-preview:large","max-video-preview":"max-video-preview:-1"},"canonical":"https:\/\/amazonclimatehub.org\/?p=32560","og_locale":"pt_BR","og_type":"article","og_title":"Science Panel for the Amazon lan\u00e7a novo relat\u00f3rio cient\u00edfico durante a COP30 em Bel\u00e9m - Amazon Climate Hub","og_description":"O ARAYARA Amazon Climate Hub sediou hoje o evento Science for an Interconnected Amazon: Findings from the Amazon Assessment Report 2025, marcando o lan\u00e7amento oficial do Segundo Relat\u00f3rio de Avalia\u00e7\u00e3o da Amaz\u00f4nia (AR2025), elaborado pelo Science Panel for the Amazon...","og_url":"https:\/\/amazonclimatehub.org\/?p=32560","og_site_name":"Amazon Climate Hub","article_publisher":"https:\/\/www.facebook.com\/arayaraoficial","article_published_time":"2025-11-11T22:02:52+00:00","article_modified_time":"2025-11-11T22:02:53+00:00","og_image":[{"width":1024,"height":410,"url":"https:\/\/amazonclimatehub.org\/wp-content\/uploads\/2025\/11\/cientistas-1024x410.png","type":"image\/png"}],"author":"Nivia Cerqueira","twitter_card":"summary_large_image","twitter_creator":"@arayaraoficial","twitter_site":"@arayaraoficial","twitter_misc":{"Escrito por":"Nivia Cerqueira","Est. tempo de leitura":"6 minutos"},"schema":{"@context":"https:\/\/schema.org","@graph":[{"@type":"Article","@id":"https:\/\/amazonclimatehub.org\/?p=32560#article","isPartOf":{"@id":"https:\/\/amazonclimatehub.org\/?p=32560"},"author":{"name":"Nivia Cerqueira","@id":"https:\/\/amazonclimatehub.org\/#\/schema\/person\/c9e0e08bee355119abf5e7788e4d8fba"},"headline":"Science Panel for the Amazon lan\u00e7a novo relat\u00f3rio cient\u00edfico durante a COP30 em Bel\u00e9m","datePublished":"2025-11-11T22:02:52+00:00","dateModified":"2025-11-11T22:02:53+00:00","mainEntityOfPage":{"@id":"https:\/\/amazonclimatehub.org\/?p=32560"},"wordCount":1237,"commentCount":0,"publisher":{"@id":"https:\/\/amazonclimatehub.org\/#organization"},"image":{"@id":"https:\/\/amazonclimatehub.org\/?p=32560#primaryimage"},"thumbnailUrl":"https:\/\/amazonclimatehub.org\/wp-content\/uploads\/2025\/11\/cientistas.png","articleSection":["COP30"],"inLanguage":"pt-BR","potentialAction":[{"@type":"CommentAction","name":"Comment","target":["https:\/\/amazonclimatehub.org\/?p=32560#respond"]}]},{"@type":"WebPage","@id":"https:\/\/amazonclimatehub.org\/?p=32560","url":"https:\/\/amazonclimatehub.org\/?p=32560","name":"Science Panel for the Amazon lan\u00e7a novo relat\u00f3rio cient\u00edfico durante a COP30 em Bel\u00e9m - Amazon Climate Hub","isPartOf":{"@id":"https:\/\/amazonclimatehub.org\/#website"},"primaryImageOfPage":{"@id":"https:\/\/amazonclimatehub.org\/?p=32560#primaryimage"},"image":{"@id":"https:\/\/amazonclimatehub.org\/?p=32560#primaryimage"},"thumbnailUrl":"https:\/\/amazonclimatehub.org\/wp-content\/uploads\/2025\/11\/cientistas.png","datePublished":"2025-11-11T22:02:52+00:00","dateModified":"2025-11-11T22:02:53+00:00","breadcrumb":{"@id":"https:\/\/amazonclimatehub.org\/?p=32560#breadcrumb"},"inLanguage":"pt-BR","potentialAction":[{"@type":"ReadAction","target":["https:\/\/amazonclimatehub.org\/?p=32560"]}]},{"@type":"ImageObject","inLanguage":"pt-BR","@id":"https:\/\/amazonclimatehub.org\/?p=32560#primaryimage","url":"https:\/\/amazonclimatehub.org\/wp-content\/uploads\/2025\/11\/cientistas.png","contentUrl":"https:\/\/amazonclimatehub.org\/wp-content\/uploads\/2025\/11\/cientistas.png","width":1920,"height":768},{"@type":"BreadcrumbList","@id":"https:\/\/amazonclimatehub.org\/?p=32560#breadcrumb","itemListElement":[{"@type":"ListItem","position":1,"name":"In\u00edcio","item":"https:\/\/amazonclimatehub.org\/"},{"@type":"ListItem","position":2,"name":"Science Panel for the Amazon lan\u00e7a novo relat\u00f3rio cient\u00edfico durante a COP30 em Bel\u00e9m"}]},{"@type":"WebSite","@id":"https:\/\/amazonclimatehub.org\/#website","url":"https:\/\/amazonclimatehub.org\/","name":"Amazon Climate Hub","description":"A Casa da ARAYARA na COP30","publisher":{"@id":"https:\/\/amazonclimatehub.org\/#organization"},"potentialAction":[{"@type":"SearchAction","target":{"@type":"EntryPoint","urlTemplate":"https:\/\/amazonclimatehub.org\/?s={search_term_string}"},"query-input":{"@type":"PropertyValueSpecification","valueRequired":true,"valueName":"search_term_string"}}],"inLanguage":"pt-BR"},{"@type":"Organization","@id":"https:\/\/amazonclimatehub.org\/#organization","name":"ARAYARA","url":"https:\/\/amazonclimatehub.org\/","logo":{"@type":"ImageObject","inLanguage":"pt-BR","@id":"https:\/\/amazonclimatehub.org\/#\/schema\/logo\/image\/","url":"https:\/\/amazonclimatehub.org\/wp-content\/uploads\/2025\/08\/Logo-ARAYARA-AMAZON-CLIMATE-HUB-seo@150x-100-scaled.jpg","contentUrl":"https:\/\/amazonclimatehub.org\/wp-content\/uploads\/2025\/08\/Logo-ARAYARA-AMAZON-CLIMATE-HUB-seo@150x-100-scaled.jpg","width":2560,"height":1440,"caption":"ARAYARA"},"image":{"@id":"https:\/\/amazonclimatehub.org\/#\/schema\/logo\/image\/"},"sameAs":["https:\/\/www.facebook.com\/arayaraoficial","https:\/\/x.com\/arayaraoficial","https:\/\/www.instagram.com\/arayaraoficial\/","https:\/\/www.youtube.com\/@ArayaraOficial","https:\/\/www.linkedin.com\/company\/instituto-internacional-arayara\/"]},{"@type":"Person","@id":"https:\/\/amazonclimatehub.org\/#\/schema\/person\/c9e0e08bee355119abf5e7788e4d8fba","name":"Nivia Cerqueira","image":{"@type":"ImageObject","inLanguage":"pt-BR","@id":"https:\/\/amazonclimatehub.org\/#\/schema\/person\/image\/","url":"https:\/\/secure.gravatar.com\/avatar\/86b576a5601953f8a95750769820944ffe60db153215c1aa4cc529fe2da7d653?s=96&d=mm&r=g","contentUrl":"https:\/\/secure.gravatar.com\/avatar\/86b576a5601953f8a95750769820944ffe60db153215c1aa4cc529fe2da7d653?s=96&d=mm&r=g","caption":"Nivia Cerqueira"},"url":"https:\/\/amazonclimatehub.org\/?author=8"}]}},"_links":{"self":[{"href":"https:\/\/amazonclimatehub.org\/index.php?rest_route=\/wp\/v2\/posts\/32560","targetHints":{"allow":["GET"]}}],"collection":[{"href":"https:\/\/amazonclimatehub.org\/index.php?rest_route=\/wp\/v2\/posts"}],"about":[{"href":"https:\/\/amazonclimatehub.org\/index.php?rest_route=\/wp\/v2\/types\/post"}],"author":[{"embeddable":true,"href":"https:\/\/amazonclimatehub.org\/index.php?rest_route=\/wp\/v2\/users\/8"}],"replies":[{"embeddable":true,"href":"https:\/\/amazonclimatehub.org\/index.php?rest_route=%2Fwp%2Fv2%2Fcomments&post=32560"}],"version-history":[{"count":1,"href":"https:\/\/amazonclimatehub.org\/index.php?rest_route=\/wp\/v2\/posts\/32560\/revisions"}],"predecessor-version":[{"id":32562,"href":"https:\/\/amazonclimatehub.org\/index.php?rest_route=\/wp\/v2\/posts\/32560\/revisions\/32562"}],"wp:featuredmedia":[{"embeddable":true,"href":"https:\/\/amazonclimatehub.org\/index.php?rest_route=\/wp\/v2\/media\/32561"}],"wp:attachment":[{"href":"https:\/\/amazonclimatehub.org\/index.php?rest_route=%2Fwp%2Fv2%2Fmedia&parent=32560"}],"wp:term":[{"taxonomy":"category","embeddable":true,"href":"https:\/\/amazonclimatehub.org\/index.php?rest_route=%2Fwp%2Fv2%2Fcategories&post=32560"},{"taxonomy":"post_tag","embeddable":true,"href":"https:\/\/amazonclimatehub.org\/index.php?rest_route=%2Fwp%2Fv2%2Ftags&post=32560"}],"curies":[{"name":"wp","href":"https:\/\/api.w.org\/{rel}","templated":true}]}}