{"id":32726,"date":"2025-11-15T18:22:02","date_gmt":"2025-11-15T21:22:02","guid":{"rendered":"https:\/\/amazonclimatehub.org\/?p=32726"},"modified":"2025-11-15T18:22:03","modified_gmt":"2025-11-15T21:22:03","slug":"o-nosso-mangue-tem-valor-com-gente","status":"publish","type":"post","link":"https:\/\/amazonclimatehub.org\/?p=32726","title":{"rendered":"\u201cO nosso mangue tem valor com gente\u201d"},"content":{"rendered":"\n<p><em>Grito de&nbsp; povos extrativistas e comunidades costeiras do litoral amaz\u00f4nico ecoa na COP30<\/em><\/p>\n\n\n\n<p>Comunidades da costa amaz\u00f4nica lan\u00e7aram neste s\u00e1bado (15\/11) o&nbsp; documento<strong> \u201c<a href=\"https:\/\/arayara.org\/wp-content\/uploads\/2025\/11\/O-GRITO-DO-MANGUE-PELO-CLIMA.pdf\">O GRITO DO MANGUE PELO CLIMA<\/a>\u201d.<\/strong> Elaborado por organiza\u00e7\u00f5es e redes representativas de povos extrativistas e comunidades costeiras do litoral amaz\u00f4nico, o material re\u00fane an\u00e1lises e reivindica\u00e7\u00f5es de popula\u00e7\u00f5es que vivem na linha de frente da crise clim\u00e1tica. Segundo o documento, essas comunidades seguem exclu\u00eddas dos processos decis\u00f3rios apesar de serem fundamentais para a prote\u00e7\u00e3o da sociobiodiversidade da regi\u00e3o.<\/p>\n\n\n\n<p>Entre principais pontos, o documento destaca o diagn\u00f3stico clim\u00e1tico local, incluindo percep\u00e7\u00f5es das comunidades sobre as mudan\u00e7as em curso; as vulnerabilidades socioambientais, com relatos de&nbsp; grupos que j\u00e1 se identificam como <em>deslocados clim\u00e1ticos<\/em>, situa\u00e7\u00e3o que exige inclus\u00e3o urgente nos planos oficiais de adapta\u00e7\u00e3o e manejo de Reservas Extrativistas.<\/p>\n\n\n\n<p><strong>\u201cO grito do mangue pelo clima\u201d<\/strong> traz, tamb\u00e9m, uma&nbsp; agenda de demandas e a\u00e7\u00f5es priorit\u00e1rias, que reafirma o papel estrat\u00e9gico dessas comunidades como solu\u00e7\u00f5es clim\u00e1ticas e a necessidade de assegurar condi\u00e7\u00f5es dignas de vida e perman\u00eancia nos territ\u00f3rios.<br><\/p>\n\n\n\n<p>O lan\u00e7amento, na <em>green zone <\/em>do pavilh\u00e3o da COP30<em>, <\/em>com o apoio do Instituto Internacional Arayara,&nbsp; refor\u00e7a a presen\u00e7a e a mobiliza\u00e7\u00e3o da Costa Amaz\u00f4nica na Confer\u00eancia, ressaltando que a prote\u00e7\u00e3o dos manguezais \u2014 e das popula\u00e7\u00f5es que deles dependem \u2014 \u00e9 indispens\u00e1vel para qualquer estrat\u00e9gia clim\u00e1tica efetiva no Brasil e no mundo.<\/p>\n\n\n\n<p>Foto: Wal\u00e9ria Chaves<\/p>\n","protected":false},"excerpt":{"rendered":"<p>Grito de&nbsp; povos extrativistas e comunidades costeiras do litoral amaz\u00f4nico ecoa na COP30 Comunidades da costa amaz\u00f4nica lan\u00e7aram neste s\u00e1bado (15\/11) o&nbsp; documento \u201cO GRITO DO MANGUE PELO CLIMA\u201d. Elaborado por organiza\u00e7\u00f5es e redes representativas de povos extrativistas e comunidades&#8230;<\/p>\n","protected":false},"author":9,"featured_media":32727,"comment_status":"open","ping_status":"open","sticky":false,"template":"","format":"standard","meta":{"_eb_attr":"","_themeisle_gutenberg_block_has_review":false,"footnotes":""},"categories":[271],"tags":[],"class_list":["post-32726","post","type-post","status-publish","format-standard","has-post-thumbnail","hentry","category-cop30"],"yoast_head":"<!-- This site is optimized with the Yoast SEO plugin v26.2 - https:\/\/yoast.com\/wordpress\/plugins\/seo\/ -->\n<title>\u201cO nosso mangue tem valor com gente\u201d - Amazon Climate Hub<\/title>\n<meta name=\"robots\" content=\"index, follow, max-snippet:-1, max-image-preview:large, max-video-preview:-1\" \/>\n<link rel=\"canonical\" href=\"https:\/\/amazonclimatehub.org\/?p=32726\" \/>\n<meta property=\"og:locale\" content=\"pt_BR\" \/>\n<meta property=\"og:type\" content=\"article\" \/>\n<meta property=\"og:title\" content=\"\u201cO nosso mangue tem valor com gente\u201d - Amazon Climate Hub\" \/>\n<meta property=\"og:description\" content=\"Grito de&nbsp; povos extrativistas e comunidades costeiras do litoral amaz\u00f4nico ecoa na COP30 Comunidades da costa amaz\u00f4nica lan\u00e7aram neste s\u00e1bado (15\/11) o&nbsp; documento \u201cO GRITO DO MANGUE PELO CLIMA\u201d. Elaborado por organiza\u00e7\u00f5es e redes representativas de povos extrativistas e comunidades...\" \/>\n<meta property=\"og:url\" content=\"https:\/\/amazonclimatehub.org\/?p=32726\" \/>\n<meta property=\"og:site_name\" content=\"Amazon Climate Hub\" \/>\n<meta property=\"article:publisher\" content=\"https:\/\/www.facebook.com\/arayaraoficial\" \/>\n<meta property=\"article:published_time\" content=\"2025-11-15T21:22:02+00:00\" \/>\n<meta property=\"article:modified_time\" content=\"2025-11-15T21:22:03+00:00\" \/>\n<meta property=\"og:image\" content=\"https:\/\/amazonclimatehub.org\/wp-content\/uploads\/2025\/11\/WhatsApp-Image-2025-11-15-at-18.01.02.jpeg\" \/>\n\t<meta property=\"og:image:width\" content=\"1188\" \/>\n\t<meta property=\"og:image:height\" content=\"647\" \/>\n\t<meta property=\"og:image:type\" content=\"image\/jpeg\" \/>\n<meta name=\"author\" content=\"Yamini Benites\" \/>\n<meta name=\"twitter:card\" content=\"summary_large_image\" \/>\n<meta name=\"twitter:creator\" content=\"@arayaraoficial\" \/>\n<meta name=\"twitter:site\" content=\"@arayaraoficial\" \/>\n<meta name=\"twitter:label1\" content=\"Escrito por\" \/>\n\t<meta name=\"twitter:data1\" content=\"Yamini Benites\" \/>\n\t<meta name=\"twitter:label2\" content=\"Est. tempo de leitura\" \/>\n\t<meta name=\"twitter:data2\" content=\"2 minutos\" \/>\n<script type=\"application\/ld+json\" class=\"yoast-schema-graph\">{\"@context\":\"https:\/\/schema.org\",\"@graph\":[{\"@type\":\"Article\",\"@id\":\"https:\/\/amazonclimatehub.org\/?p=32726#article\",\"isPartOf\":{\"@id\":\"https:\/\/amazonclimatehub.org\/?p=32726\"},\"author\":{\"name\":\"Yamini Benites\",\"@id\":\"https:\/\/amazonclimatehub.org\/#\/schema\/person\/eb35213e21280a4bc770c3b70f4c38aa\"},\"headline\":\"\u201cO nosso mangue tem valor com gente\u201d\",\"datePublished\":\"2025-11-15T21:22:02+00:00\",\"dateModified\":\"2025-11-15T21:22:03+00:00\",\"mainEntityOfPage\":{\"@id\":\"https:\/\/amazonclimatehub.org\/?p=32726\"},\"wordCount\":277,\"commentCount\":0,\"publisher\":{\"@id\":\"https:\/\/amazonclimatehub.org\/#organization\"},\"image\":{\"@id\":\"https:\/\/amazonclimatehub.org\/?p=32726#primaryimage\"},\"thumbnailUrl\":\"https:\/\/amazonclimatehub.org\/wp-content\/uploads\/2025\/11\/WhatsApp-Image-2025-11-15-at-18.01.02.jpeg\",\"articleSection\":[\"COP30\"],\"inLanguage\":\"pt-BR\",\"potentialAction\":[{\"@type\":\"CommentAction\",\"name\":\"Comment\",\"target\":[\"https:\/\/amazonclimatehub.org\/?p=32726#respond\"]}]},{\"@type\":\"WebPage\",\"@id\":\"https:\/\/amazonclimatehub.org\/?p=32726\",\"url\":\"https:\/\/amazonclimatehub.org\/?p=32726\",\"name\":\"\u201cO nosso mangue tem valor com gente\u201d - Amazon Climate Hub\",\"isPartOf\":{\"@id\":\"https:\/\/amazonclimatehub.org\/#website\"},\"primaryImageOfPage\":{\"@id\":\"https:\/\/amazonclimatehub.org\/?p=32726#primaryimage\"},\"image\":{\"@id\":\"https:\/\/amazonclimatehub.org\/?p=32726#primaryimage\"},\"thumbnailUrl\":\"https:\/\/amazonclimatehub.org\/wp-content\/uploads\/2025\/11\/WhatsApp-Image-2025-11-15-at-18.01.02.jpeg\",\"datePublished\":\"2025-11-15T21:22:02+00:00\",\"dateModified\":\"2025-11-15T21:22:03+00:00\",\"breadcrumb\":{\"@id\":\"https:\/\/amazonclimatehub.org\/?p=32726#breadcrumb\"},\"inLanguage\":\"pt-BR\",\"potentialAction\":[{\"@type\":\"ReadAction\",\"target\":[\"https:\/\/amazonclimatehub.org\/?p=32726\"]}]},{\"@type\":\"ImageObject\",\"inLanguage\":\"pt-BR\",\"@id\":\"https:\/\/amazonclimatehub.org\/?p=32726#primaryimage\",\"url\":\"https:\/\/amazonclimatehub.org\/wp-content\/uploads\/2025\/11\/WhatsApp-Image-2025-11-15-at-18.01.02.jpeg\",\"contentUrl\":\"https:\/\/amazonclimatehub.org\/wp-content\/uploads\/2025\/11\/WhatsApp-Image-2025-11-15-at-18.01.02.jpeg\",\"width\":1188,\"height\":647},{\"@type\":\"BreadcrumbList\",\"@id\":\"https:\/\/amazonclimatehub.org\/?p=32726#breadcrumb\",\"itemListElement\":[{\"@type\":\"ListItem\",\"position\":1,\"name\":\"In\u00edcio\",\"item\":\"https:\/\/amazonclimatehub.org\/\"},{\"@type\":\"ListItem\",\"position\":2,\"name\":\"\u201cO nosso mangue tem valor com gente\u201d\"}]},{\"@type\":\"WebSite\",\"@id\":\"https:\/\/amazonclimatehub.org\/#website\",\"url\":\"https:\/\/amazonclimatehub.org\/\",\"name\":\"Amazon Climate Hub\",\"description\":\"A Casa da ARAYARA na COP30\",\"publisher\":{\"@id\":\"https:\/\/amazonclimatehub.org\/#organization\"},\"potentialAction\":[{\"@type\":\"SearchAction\",\"target\":{\"@type\":\"EntryPoint\",\"urlTemplate\":\"https:\/\/amazonclimatehub.org\/?s={search_term_string}\"},\"query-input\":{\"@type\":\"PropertyValueSpecification\",\"valueRequired\":true,\"valueName\":\"search_term_string\"}}],\"inLanguage\":\"pt-BR\"},{\"@type\":\"Organization\",\"@id\":\"https:\/\/amazonclimatehub.org\/#organization\",\"name\":\"ARAYARA\",\"url\":\"https:\/\/amazonclimatehub.org\/\",\"logo\":{\"@type\":\"ImageObject\",\"inLanguage\":\"pt-BR\",\"@id\":\"https:\/\/amazonclimatehub.org\/#\/schema\/logo\/image\/\",\"url\":\"https:\/\/amazonclimatehub.org\/wp-content\/uploads\/2025\/08\/Logo-ARAYARA-AMAZON-CLIMATE-HUB-seo@150x-100-scaled.jpg\",\"contentUrl\":\"https:\/\/amazonclimatehub.org\/wp-content\/uploads\/2025\/08\/Logo-ARAYARA-AMAZON-CLIMATE-HUB-seo@150x-100-scaled.jpg\",\"width\":2560,\"height\":1440,\"caption\":\"ARAYARA\"},\"image\":{\"@id\":\"https:\/\/amazonclimatehub.org\/#\/schema\/logo\/image\/\"},\"sameAs\":[\"https:\/\/www.facebook.com\/arayaraoficial\",\"https:\/\/x.com\/arayaraoficial\",\"https:\/\/www.instagram.com\/arayaraoficial\/\",\"https:\/\/www.youtube.com\/@ArayaraOficial\",\"https:\/\/www.linkedin.com\/company\/instituto-internacional-arayara\/\"]},{\"@type\":\"Person\",\"@id\":\"https:\/\/amazonclimatehub.org\/#\/schema\/person\/eb35213e21280a4bc770c3b70f4c38aa\",\"name\":\"Yamini Benites\",\"image\":{\"@type\":\"ImageObject\",\"inLanguage\":\"pt-BR\",\"@id\":\"https:\/\/amazonclimatehub.org\/#\/schema\/person\/image\/\",\"url\":\"https:\/\/secure.gravatar.com\/avatar\/45cca1332e91bb8dd8b6636afa3a36e42252cbf759440fb8843c7c17a5b2af93?s=96&d=mm&r=g\",\"contentUrl\":\"https:\/\/secure.gravatar.com\/avatar\/45cca1332e91bb8dd8b6636afa3a36e42252cbf759440fb8843c7c17a5b2af93?s=96&d=mm&r=g\",\"caption\":\"Yamini Benites\"},\"url\":\"https:\/\/amazonclimatehub.org\/?author=9\"}]}<\/script>\n<!-- \/ Yoast SEO plugin. -->","yoast_head_json":{"title":"\u201cO nosso mangue tem valor com gente\u201d - Amazon Climate Hub","robots":{"index":"index","follow":"follow","max-snippet":"max-snippet:-1","max-image-preview":"max-image-preview:large","max-video-preview":"max-video-preview:-1"},"canonical":"https:\/\/amazonclimatehub.org\/?p=32726","og_locale":"pt_BR","og_type":"article","og_title":"\u201cO nosso mangue tem valor com gente\u201d - Amazon Climate Hub","og_description":"Grito de&nbsp; povos extrativistas e comunidades costeiras do litoral amaz\u00f4nico ecoa na COP30 Comunidades da costa amaz\u00f4nica lan\u00e7aram neste s\u00e1bado (15\/11) o&nbsp; documento \u201cO GRITO DO MANGUE PELO CLIMA\u201d. Elaborado por organiza\u00e7\u00f5es e redes representativas de povos extrativistas e comunidades...","og_url":"https:\/\/amazonclimatehub.org\/?p=32726","og_site_name":"Amazon Climate Hub","article_publisher":"https:\/\/www.facebook.com\/arayaraoficial","article_published_time":"2025-11-15T21:22:02+00:00","article_modified_time":"2025-11-15T21:22:03+00:00","og_image":[{"width":1188,"height":647,"url":"https:\/\/amazonclimatehub.org\/wp-content\/uploads\/2025\/11\/WhatsApp-Image-2025-11-15-at-18.01.02.jpeg","type":"image\/jpeg"}],"author":"Yamini Benites","twitter_card":"summary_large_image","twitter_creator":"@arayaraoficial","twitter_site":"@arayaraoficial","twitter_misc":{"Escrito por":"Yamini Benites","Est. tempo de leitura":"2 minutos"},"schema":{"@context":"https:\/\/schema.org","@graph":[{"@type":"Article","@id":"https:\/\/amazonclimatehub.org\/?p=32726#article","isPartOf":{"@id":"https:\/\/amazonclimatehub.org\/?p=32726"},"author":{"name":"Yamini Benites","@id":"https:\/\/amazonclimatehub.org\/#\/schema\/person\/eb35213e21280a4bc770c3b70f4c38aa"},"headline":"\u201cO nosso mangue tem valor com gente\u201d","datePublished":"2025-11-15T21:22:02+00:00","dateModified":"2025-11-15T21:22:03+00:00","mainEntityOfPage":{"@id":"https:\/\/amazonclimatehub.org\/?p=32726"},"wordCount":277,"commentCount":0,"publisher":{"@id":"https:\/\/amazonclimatehub.org\/#organization"},"image":{"@id":"https:\/\/amazonclimatehub.org\/?p=32726#primaryimage"},"thumbnailUrl":"https:\/\/amazonclimatehub.org\/wp-content\/uploads\/2025\/11\/WhatsApp-Image-2025-11-15-at-18.01.02.jpeg","articleSection":["COP30"],"inLanguage":"pt-BR","potentialAction":[{"@type":"CommentAction","name":"Comment","target":["https:\/\/amazonclimatehub.org\/?p=32726#respond"]}]},{"@type":"WebPage","@id":"https:\/\/amazonclimatehub.org\/?p=32726","url":"https:\/\/amazonclimatehub.org\/?p=32726","name":"\u201cO nosso mangue tem valor com gente\u201d - Amazon Climate Hub","isPartOf":{"@id":"https:\/\/amazonclimatehub.org\/#website"},"primaryImageOfPage":{"@id":"https:\/\/amazonclimatehub.org\/?p=32726#primaryimage"},"image":{"@id":"https:\/\/amazonclimatehub.org\/?p=32726#primaryimage"},"thumbnailUrl":"https:\/\/amazonclimatehub.org\/wp-content\/uploads\/2025\/11\/WhatsApp-Image-2025-11-15-at-18.01.02.jpeg","datePublished":"2025-11-15T21:22:02+00:00","dateModified":"2025-11-15T21:22:03+00:00","breadcrumb":{"@id":"https:\/\/amazonclimatehub.org\/?p=32726#breadcrumb"},"inLanguage":"pt-BR","potentialAction":[{"@type":"ReadAction","target":["https:\/\/amazonclimatehub.org\/?p=32726"]}]},{"@type":"ImageObject","inLanguage":"pt-BR","@id":"https:\/\/amazonclimatehub.org\/?p=32726#primaryimage","url":"https:\/\/amazonclimatehub.org\/wp-content\/uploads\/2025\/11\/WhatsApp-Image-2025-11-15-at-18.01.02.jpeg","contentUrl":"https:\/\/amazonclimatehub.org\/wp-content\/uploads\/2025\/11\/WhatsApp-Image-2025-11-15-at-18.01.02.jpeg","width":1188,"height":647},{"@type":"BreadcrumbList","@id":"https:\/\/amazonclimatehub.org\/?p=32726#breadcrumb","itemListElement":[{"@type":"ListItem","position":1,"name":"In\u00edcio","item":"https:\/\/amazonclimatehub.org\/"},{"@type":"ListItem","position":2,"name":"\u201cO nosso mangue tem valor com gente\u201d"}]},{"@type":"WebSite","@id":"https:\/\/amazonclimatehub.org\/#website","url":"https:\/\/amazonclimatehub.org\/","name":"Amazon Climate Hub","description":"A Casa da ARAYARA na COP30","publisher":{"@id":"https:\/\/amazonclimatehub.org\/#organization"},"potentialAction":[{"@type":"SearchAction","target":{"@type":"EntryPoint","urlTemplate":"https:\/\/amazonclimatehub.org\/?s={search_term_string}"},"query-input":{"@type":"PropertyValueSpecification","valueRequired":true,"valueName":"search_term_string"}}],"inLanguage":"pt-BR"},{"@type":"Organization","@id":"https:\/\/amazonclimatehub.org\/#organization","name":"ARAYARA","url":"https:\/\/amazonclimatehub.org\/","logo":{"@type":"ImageObject","inLanguage":"pt-BR","@id":"https:\/\/amazonclimatehub.org\/#\/schema\/logo\/image\/","url":"https:\/\/amazonclimatehub.org\/wp-content\/uploads\/2025\/08\/Logo-ARAYARA-AMAZON-CLIMATE-HUB-seo@150x-100-scaled.jpg","contentUrl":"https:\/\/amazonclimatehub.org\/wp-content\/uploads\/2025\/08\/Logo-ARAYARA-AMAZON-CLIMATE-HUB-seo@150x-100-scaled.jpg","width":2560,"height":1440,"caption":"ARAYARA"},"image":{"@id":"https:\/\/amazonclimatehub.org\/#\/schema\/logo\/image\/"},"sameAs":["https:\/\/www.facebook.com\/arayaraoficial","https:\/\/x.com\/arayaraoficial","https:\/\/www.instagram.com\/arayaraoficial\/","https:\/\/www.youtube.com\/@ArayaraOficial","https:\/\/www.linkedin.com\/company\/instituto-internacional-arayara\/"]},{"@type":"Person","@id":"https:\/\/amazonclimatehub.org\/#\/schema\/person\/eb35213e21280a4bc770c3b70f4c38aa","name":"Yamini Benites","image":{"@type":"ImageObject","inLanguage":"pt-BR","@id":"https:\/\/amazonclimatehub.org\/#\/schema\/person\/image\/","url":"https:\/\/secure.gravatar.com\/avatar\/45cca1332e91bb8dd8b6636afa3a36e42252cbf759440fb8843c7c17a5b2af93?s=96&d=mm&r=g","contentUrl":"https:\/\/secure.gravatar.com\/avatar\/45cca1332e91bb8dd8b6636afa3a36e42252cbf759440fb8843c7c17a5b2af93?s=96&d=mm&r=g","caption":"Yamini Benites"},"url":"https:\/\/amazonclimatehub.org\/?author=9"}]}},"_links":{"self":[{"href":"https:\/\/amazonclimatehub.org\/index.php?rest_route=\/wp\/v2\/posts\/32726","targetHints":{"allow":["GET"]}}],"collection":[{"href":"https:\/\/amazonclimatehub.org\/index.php?rest_route=\/wp\/v2\/posts"}],"about":[{"href":"https:\/\/amazonclimatehub.org\/index.php?rest_route=\/wp\/v2\/types\/post"}],"author":[{"embeddable":true,"href":"https:\/\/amazonclimatehub.org\/index.php?rest_route=\/wp\/v2\/users\/9"}],"replies":[{"embeddable":true,"href":"https:\/\/amazonclimatehub.org\/index.php?rest_route=%2Fwp%2Fv2%2Fcomments&post=32726"}],"version-history":[{"count":1,"href":"https:\/\/amazonclimatehub.org\/index.php?rest_route=\/wp\/v2\/posts\/32726\/revisions"}],"predecessor-version":[{"id":32728,"href":"https:\/\/amazonclimatehub.org\/index.php?rest_route=\/wp\/v2\/posts\/32726\/revisions\/32728"}],"wp:featuredmedia":[{"embeddable":true,"href":"https:\/\/amazonclimatehub.org\/index.php?rest_route=\/wp\/v2\/media\/32727"}],"wp:attachment":[{"href":"https:\/\/amazonclimatehub.org\/index.php?rest_route=%2Fwp%2Fv2%2Fmedia&parent=32726"}],"wp:term":[{"taxonomy":"category","embeddable":true,"href":"https:\/\/amazonclimatehub.org\/index.php?rest_route=%2Fwp%2Fv2%2Fcategories&post=32726"},{"taxonomy":"post_tag","embeddable":true,"href":"https:\/\/amazonclimatehub.org\/index.php?rest_route=%2Fwp%2Fv2%2Ftags&post=32726"}],"curies":[{"name":"wp","href":"https:\/\/api.w.org\/{rel}","templated":true}]}}