{"id":33030,"date":"2025-11-18T13:07:25","date_gmt":"2025-11-18T16:07:25","guid":{"rendered":"https:\/\/amazonclimatehub.org\/?p=33030"},"modified":"2025-11-21T13:09:11","modified_gmt":"2025-11-21T16:09:11","slug":"um-legado-de-cores-a-inclusao-historica-de-vozes-comunitarias-na-cop30-e-a-reconstrucao-do-clima-global","status":"publish","type":"post","link":"https:\/\/amazonclimatehub.org\/?p=33030","title":{"rendered":"Um legado de cores: A Inclus\u00e3o Hist\u00f3rica de Vozes Comunit\u00e1rias na COP30 e a Reconstru\u00e7\u00e3o do Clima Global"},"content":{"rendered":"\n<p>A COP30 em Bel\u00e9m n\u00e3o ser\u00e1 lembrada apenas pelos debates sobre metas de mitiga\u00e7\u00e3o, mas sim pelo seu \u201ccolorido\u201d e pela inclus\u00e3o sem precedentes de comunidades tradicionais nos espa\u00e7os formais de decis\u00e3o. Essa foi a linha de conversa do painel <strong>\u201cDo Local ao Global: Comunidades no Centro da Decis\u00e3o Clim\u00e1tica e o Legado da COP30\u201d<\/strong>, realizado na noite de <strong>ter\u00e7a-feira, 18 de novembro<\/strong>, no ARAYARA Amazon Climate Hub.<\/p>\n\n\n\n<p>O evento, proposto pela Waverley Street Foundation e mediado pela advogada e ecofeminista negra <strong>Marina Mar\u00e7al<\/strong>, celebrou o avan\u00e7o na cria\u00e7\u00e3o de plataformas de representa\u00e7\u00e3o de povos ind\u00edgenas, quilombolas e afrodescendentes, e debateu como garantir que esses espa\u00e7os se tornem permanentes na governan\u00e7a clim\u00e1tica global.<\/p>\n\n\n\n<p><strong>O Legado de Bel\u00e9m: A Voz da Mulher Negra da Floresta<\/strong><\/p>\n\n\n\n<p><strong>Edel Nazar\u00e9<\/strong> (Secret\u00e1ria Nacional de Povos e Comunidades Tradicionais do MMA) trouxe a perspectiva pessoal da transforma\u00e7\u00e3o pol\u00edtica vivenciada. Ela relembrou a COP de Glasgow, quando, como representante do Conselho Nacional dos Seringueiros, e sem falar ingl\u00eas, lutava por espa\u00e7o ao lado de S\u00f4nia Guajajara.<\/p>\n\n\n\n<p>&#8220;O legado que o mundo jamais vai esquecer de Bel\u00e9m, <strong>e do colorido que vai deixar<\/strong>,&#8221; afirmou Edel.<\/p>\n\n\n\n<p>Sua presen\u00e7a, hoje no Minist\u00e9rio, compondo a equipe de Marina Silva, j\u00e1 \u00e9 um legado. Mas o avan\u00e7o mais vis\u00edvel foi o acesso:<\/p>\n\n\n\n<p>&#8220;Pelo balan\u00e7o foram mais de <strong>800 credenciais para ind\u00edgenas na Zona Azul<\/strong>. Ainda h\u00e1 muito que melhorar em quest\u00e3o de acesso, mas <strong>esses credenciais n\u00e3o podem mais ser negados, n\u00e3o poder\u00e3o mais voltar atr\u00e1s<\/strong>.&#8221;<\/p>\n\n\n\n<p>Para Edel, o mundo foi obrigado a ouvir essas vozes em discuss\u00f5es de alto n\u00edvel.<\/p>\n\n\n\n<p><strong>Reconstruindo a Governan\u00e7a: Do Local ao Pilar Clim\u00e1tico da ONU<\/strong><\/p>\n\n\n\n<p>O debate refor\u00e7ou que a inclus\u00e3o das comunidades \u00e9 essencial para a efetividade da a\u00e7\u00e3o clim\u00e1tica. <strong>Diego Casaes<\/strong> (Climate Emergency Colaboration Group) tra\u00e7ou um paralelo hist\u00f3rico, comparando a funda\u00e7\u00e3o da ONU ap\u00f3s a Segunda Guerra Mundial com o momento atual, que exige um quarto pilar: o do clima.<\/p>\n\n\n\n<p>&#8220;Vejo que hoje estamos em um momento semelhante, por\u00e9m com um quarto pilar, que \u00e9 o pilar de clima. E dentro disso estamos conseguindo abrir novos espa\u00e7os para mulheres, afrodescendentes, povos ind\u00edgenas, e <strong>isso pode ser parte de uma reconstru\u00e7\u00e3o da ONU<\/strong>.&#8221;<\/p>\n\n\n\n<p>Ele alertou, contudo, para as tens\u00f5es que surgem e que precisam de aten\u00e7\u00e3o especial. Usou como exeomplo o caso do Congo, onde acordos sobre minerais cr\u00edticos foram fechados sem a participa\u00e7\u00e3o das comunidades locais.<\/p>\n\n\n\n<p>A acad\u00eamica <strong>Sheila Foster<\/strong> (Columbia Climate School) endossou a percep\u00e7\u00e3o de que Bel\u00e9m foi a COP da inclus\u00e3o. Ela criticou o foco hist\u00f3rico na mitiga\u00e7\u00e3o, sem considerar os impactos e a adapta\u00e7\u00e3o necess\u00e1ria \u00e0s comunidades.<\/p>\n\n\n\n<p>&#8220;Sempre haver\u00e1 pre\u00e7os a pagar, e esse pre\u00e7o est\u00e1 caindo sobre as comunidades e povos que est\u00e3o sempre deixados de fora das discuss\u00f5es. Precisamos <strong>dar um assento para esses povos<\/strong> na discuss\u00f5es.&#8221;<\/p>\n\n\n\n<p><strong>A Influ\u00eancia do Sul Global e o Exemplo do Brasil<\/strong><\/p>\n\n\n\n<p>O <strong>Deputado Federal Nilto Tatto (PT-SP)<\/strong>, coordenador da Frente Parlamentar Ambientalista, resgatou a hist\u00f3ria dos movimentos paralelos \u00e0s confer\u00eancias. Lembrou da Eco-92, quando as discuss\u00f5es paralelas tiveram o poder de influenciar a confer\u00eancia oficial e gerar o reconhecimento de direitos dos povos origin\u00e1rios.<\/p>\n\n\n\n<p>Ele destacou que o fato de a COP acontecer em uma cidade do Sul Global, com problemas de infraestrutura semelhantes aos de muitos pa\u00edses vulner\u00e1veis, \u00e9 um <strong>&#8220;caldo de cultura&#8221;<\/strong> que ajuda a mudar o quadro:<\/p>\n\n\n\n<p>&#8220;O sul global \u00e9 que mais sofre as consequ\u00eancias do aquecimento global, somos os mais vulner\u00e1veis. Se soubermos conduzir bem esse debate, temos condi\u00e7\u00e3o de mudar esse quadro.&#8221;<\/p>\n\n\n\n<p>O painel foi conclu\u00eddo pela ex-diplomata dos EUA, <strong>Vernita Pearl Fort<\/strong>, que v\u00ea na juventude e no clamor por reformas da ONU a esperan\u00e7a de criar um sistema global onde os povos participem diretamente da escrita das regras que reger\u00e3o suas vidas e o futuro do planeta.<\/p>\n\n\n\n<p>Foto: Odara\u00ea Filmes<\/p>\n","protected":false},"excerpt":{"rendered":"<p>A COP30 em Bel\u00e9m n\u00e3o ser\u00e1 lembrada apenas pelos debates sobre metas de mitiga\u00e7\u00e3o, mas sim pelo seu \u201ccolorido\u201d e pela inclus\u00e3o sem precedentes de comunidades tradicionais nos espa\u00e7os formais de decis\u00e3o. Essa foi a linha de conversa do painel&#8230;<\/p>\n","protected":false},"author":9,"featured_media":33031,"comment_status":"open","ping_status":"open","sticky":false,"template":"","format":"standard","meta":{"_eb_attr":"","_themeisle_gutenberg_block_has_review":false,"footnotes":""},"categories":[271],"tags":[],"class_list":["post-33030","post","type-post","status-publish","format-standard","has-post-thumbnail","hentry","category-cop30"],"yoast_head":"<!-- This site is optimized with the Yoast SEO plugin v26.2 - https:\/\/yoast.com\/wordpress\/plugins\/seo\/ -->\n<title>Um legado de cores: A Inclus\u00e3o Hist\u00f3rica de Vozes Comunit\u00e1rias na COP30 e a Reconstru\u00e7\u00e3o do Clima Global - Amazon Climate Hub<\/title>\n<meta name=\"robots\" content=\"index, follow, max-snippet:-1, max-image-preview:large, max-video-preview:-1\" \/>\n<link rel=\"canonical\" href=\"https:\/\/amazonclimatehub.org\/?p=33030\" \/>\n<meta property=\"og:locale\" content=\"pt_BR\" \/>\n<meta property=\"og:type\" content=\"article\" \/>\n<meta property=\"og:title\" content=\"Um legado de cores: A Inclus\u00e3o Hist\u00f3rica de Vozes Comunit\u00e1rias na COP30 e a Reconstru\u00e7\u00e3o do Clima Global - Amazon Climate Hub\" \/>\n<meta property=\"og:description\" content=\"A COP30 em Bel\u00e9m n\u00e3o ser\u00e1 lembrada apenas pelos debates sobre metas de mitiga\u00e7\u00e3o, mas sim pelo seu \u201ccolorido\u201d e pela inclus\u00e3o sem precedentes de comunidades tradicionais nos espa\u00e7os formais de decis\u00e3o. Essa foi a linha de conversa do painel...\" \/>\n<meta property=\"og:url\" content=\"https:\/\/amazonclimatehub.org\/?p=33030\" \/>\n<meta property=\"og:site_name\" content=\"Amazon Climate Hub\" \/>\n<meta property=\"article:publisher\" content=\"https:\/\/www.facebook.com\/arayaraoficial\" \/>\n<meta property=\"article:published_time\" content=\"2025-11-18T16:07:25+00:00\" \/>\n<meta property=\"article:modified_time\" content=\"2025-11-21T16:09:11+00:00\" \/>\n<meta property=\"og:image\" content=\"https:\/\/amazonclimatehub.org\/wp-content\/uploads\/2025\/11\/8353E5D2-D2CC-4D2D-89C1-3DD633203CA1-76645-00001807C523D672-scaled.jpg\" \/>\n\t<meta property=\"og:image:width\" content=\"2560\" \/>\n\t<meta property=\"og:image:height\" content=\"1707\" \/>\n\t<meta property=\"og:image:type\" content=\"image\/jpeg\" \/>\n<meta name=\"author\" content=\"Yamini Benites\" \/>\n<meta name=\"twitter:card\" content=\"summary_large_image\" \/>\n<meta name=\"twitter:creator\" content=\"@arayaraoficial\" \/>\n<meta name=\"twitter:site\" content=\"@arayaraoficial\" \/>\n<meta name=\"twitter:label1\" content=\"Escrito por\" \/>\n\t<meta name=\"twitter:data1\" content=\"Yamini Benites\" \/>\n\t<meta name=\"twitter:label2\" content=\"Est. tempo de leitura\" \/>\n\t<meta name=\"twitter:data2\" content=\"4 minutos\" \/>\n<script type=\"application\/ld+json\" class=\"yoast-schema-graph\">{\"@context\":\"https:\/\/schema.org\",\"@graph\":[{\"@type\":\"Article\",\"@id\":\"https:\/\/amazonclimatehub.org\/?p=33030#article\",\"isPartOf\":{\"@id\":\"https:\/\/amazonclimatehub.org\/?p=33030\"},\"author\":{\"name\":\"Yamini Benites\",\"@id\":\"https:\/\/amazonclimatehub.org\/#\/schema\/person\/eb35213e21280a4bc770c3b70f4c38aa\"},\"headline\":\"Um legado de cores: A Inclus\u00e3o Hist\u00f3rica de Vozes Comunit\u00e1rias na COP30 e a Reconstru\u00e7\u00e3o do Clima Global\",\"datePublished\":\"2025-11-18T16:07:25+00:00\",\"dateModified\":\"2025-11-21T16:09:11+00:00\",\"mainEntityOfPage\":{\"@id\":\"https:\/\/amazonclimatehub.org\/?p=33030\"},\"wordCount\":725,\"commentCount\":0,\"publisher\":{\"@id\":\"https:\/\/amazonclimatehub.org\/#organization\"},\"image\":{\"@id\":\"https:\/\/amazonclimatehub.org\/?p=33030#primaryimage\"},\"thumbnailUrl\":\"https:\/\/amazonclimatehub.org\/wp-content\/uploads\/2025\/11\/8353E5D2-D2CC-4D2D-89C1-3DD633203CA1-76645-00001807C523D672-scaled.jpg\",\"articleSection\":[\"COP30\"],\"inLanguage\":\"pt-BR\",\"potentialAction\":[{\"@type\":\"CommentAction\",\"name\":\"Comment\",\"target\":[\"https:\/\/amazonclimatehub.org\/?p=33030#respond\"]}]},{\"@type\":\"WebPage\",\"@id\":\"https:\/\/amazonclimatehub.org\/?p=33030\",\"url\":\"https:\/\/amazonclimatehub.org\/?p=33030\",\"name\":\"Um legado de cores: A Inclus\u00e3o Hist\u00f3rica de Vozes Comunit\u00e1rias na COP30 e a Reconstru\u00e7\u00e3o do Clima Global - Amazon Climate Hub\",\"isPartOf\":{\"@id\":\"https:\/\/amazonclimatehub.org\/#website\"},\"primaryImageOfPage\":{\"@id\":\"https:\/\/amazonclimatehub.org\/?p=33030#primaryimage\"},\"image\":{\"@id\":\"https:\/\/amazonclimatehub.org\/?p=33030#primaryimage\"},\"thumbnailUrl\":\"https:\/\/amazonclimatehub.org\/wp-content\/uploads\/2025\/11\/8353E5D2-D2CC-4D2D-89C1-3DD633203CA1-76645-00001807C523D672-scaled.jpg\",\"datePublished\":\"2025-11-18T16:07:25+00:00\",\"dateModified\":\"2025-11-21T16:09:11+00:00\",\"breadcrumb\":{\"@id\":\"https:\/\/amazonclimatehub.org\/?p=33030#breadcrumb\"},\"inLanguage\":\"pt-BR\",\"potentialAction\":[{\"@type\":\"ReadAction\",\"target\":[\"https:\/\/amazonclimatehub.org\/?p=33030\"]}]},{\"@type\":\"ImageObject\",\"inLanguage\":\"pt-BR\",\"@id\":\"https:\/\/amazonclimatehub.org\/?p=33030#primaryimage\",\"url\":\"https:\/\/amazonclimatehub.org\/wp-content\/uploads\/2025\/11\/8353E5D2-D2CC-4D2D-89C1-3DD633203CA1-76645-00001807C523D672-scaled.jpg\",\"contentUrl\":\"https:\/\/amazonclimatehub.org\/wp-content\/uploads\/2025\/11\/8353E5D2-D2CC-4D2D-89C1-3DD633203CA1-76645-00001807C523D672-scaled.jpg\",\"width\":2560,\"height\":1707},{\"@type\":\"BreadcrumbList\",\"@id\":\"https:\/\/amazonclimatehub.org\/?p=33030#breadcrumb\",\"itemListElement\":[{\"@type\":\"ListItem\",\"position\":1,\"name\":\"In\u00edcio\",\"item\":\"https:\/\/amazonclimatehub.org\/\"},{\"@type\":\"ListItem\",\"position\":2,\"name\":\"Um legado de cores: A Inclus\u00e3o Hist\u00f3rica de Vozes Comunit\u00e1rias na COP30 e a Reconstru\u00e7\u00e3o do Clima Global\"}]},{\"@type\":\"WebSite\",\"@id\":\"https:\/\/amazonclimatehub.org\/#website\",\"url\":\"https:\/\/amazonclimatehub.org\/\",\"name\":\"Amazon Climate Hub\",\"description\":\"A Casa da ARAYARA na COP30\",\"publisher\":{\"@id\":\"https:\/\/amazonclimatehub.org\/#organization\"},\"potentialAction\":[{\"@type\":\"SearchAction\",\"target\":{\"@type\":\"EntryPoint\",\"urlTemplate\":\"https:\/\/amazonclimatehub.org\/?s={search_term_string}\"},\"query-input\":{\"@type\":\"PropertyValueSpecification\",\"valueRequired\":true,\"valueName\":\"search_term_string\"}}],\"inLanguage\":\"pt-BR\"},{\"@type\":\"Organization\",\"@id\":\"https:\/\/amazonclimatehub.org\/#organization\",\"name\":\"ARAYARA\",\"url\":\"https:\/\/amazonclimatehub.org\/\",\"logo\":{\"@type\":\"ImageObject\",\"inLanguage\":\"pt-BR\",\"@id\":\"https:\/\/amazonclimatehub.org\/#\/schema\/logo\/image\/\",\"url\":\"https:\/\/amazonclimatehub.org\/wp-content\/uploads\/2025\/08\/Logo-ARAYARA-AMAZON-CLIMATE-HUB-seo@150x-100-scaled.jpg\",\"contentUrl\":\"https:\/\/amazonclimatehub.org\/wp-content\/uploads\/2025\/08\/Logo-ARAYARA-AMAZON-CLIMATE-HUB-seo@150x-100-scaled.jpg\",\"width\":2560,\"height\":1440,\"caption\":\"ARAYARA\"},\"image\":{\"@id\":\"https:\/\/amazonclimatehub.org\/#\/schema\/logo\/image\/\"},\"sameAs\":[\"https:\/\/www.facebook.com\/arayaraoficial\",\"https:\/\/x.com\/arayaraoficial\",\"https:\/\/www.instagram.com\/arayaraoficial\/\",\"https:\/\/www.youtube.com\/@ArayaraOficial\",\"https:\/\/www.linkedin.com\/company\/instituto-internacional-arayara\/\"]},{\"@type\":\"Person\",\"@id\":\"https:\/\/amazonclimatehub.org\/#\/schema\/person\/eb35213e21280a4bc770c3b70f4c38aa\",\"name\":\"Yamini Benites\",\"image\":{\"@type\":\"ImageObject\",\"inLanguage\":\"pt-BR\",\"@id\":\"https:\/\/amazonclimatehub.org\/#\/schema\/person\/image\/\",\"url\":\"https:\/\/secure.gravatar.com\/avatar\/45cca1332e91bb8dd8b6636afa3a36e42252cbf759440fb8843c7c17a5b2af93?s=96&d=mm&r=g\",\"contentUrl\":\"https:\/\/secure.gravatar.com\/avatar\/45cca1332e91bb8dd8b6636afa3a36e42252cbf759440fb8843c7c17a5b2af93?s=96&d=mm&r=g\",\"caption\":\"Yamini Benites\"},\"url\":\"https:\/\/amazonclimatehub.org\/?author=9\"}]}<\/script>\n<!-- \/ Yoast SEO plugin. -->","yoast_head_json":{"title":"Um legado de cores: A Inclus\u00e3o Hist\u00f3rica de Vozes Comunit\u00e1rias na COP30 e a Reconstru\u00e7\u00e3o do Clima Global - Amazon Climate Hub","robots":{"index":"index","follow":"follow","max-snippet":"max-snippet:-1","max-image-preview":"max-image-preview:large","max-video-preview":"max-video-preview:-1"},"canonical":"https:\/\/amazonclimatehub.org\/?p=33030","og_locale":"pt_BR","og_type":"article","og_title":"Um legado de cores: A Inclus\u00e3o Hist\u00f3rica de Vozes Comunit\u00e1rias na COP30 e a Reconstru\u00e7\u00e3o do Clima Global - Amazon Climate Hub","og_description":"A COP30 em Bel\u00e9m n\u00e3o ser\u00e1 lembrada apenas pelos debates sobre metas de mitiga\u00e7\u00e3o, mas sim pelo seu \u201ccolorido\u201d e pela inclus\u00e3o sem precedentes de comunidades tradicionais nos espa\u00e7os formais de decis\u00e3o. Essa foi a linha de conversa do painel...","og_url":"https:\/\/amazonclimatehub.org\/?p=33030","og_site_name":"Amazon Climate Hub","article_publisher":"https:\/\/www.facebook.com\/arayaraoficial","article_published_time":"2025-11-18T16:07:25+00:00","article_modified_time":"2025-11-21T16:09:11+00:00","og_image":[{"width":2560,"height":1707,"url":"https:\/\/amazonclimatehub.org\/wp-content\/uploads\/2025\/11\/8353E5D2-D2CC-4D2D-89C1-3DD633203CA1-76645-00001807C523D672-scaled.jpg","type":"image\/jpeg"}],"author":"Yamini Benites","twitter_card":"summary_large_image","twitter_creator":"@arayaraoficial","twitter_site":"@arayaraoficial","twitter_misc":{"Escrito por":"Yamini Benites","Est. tempo de leitura":"4 minutos"},"schema":{"@context":"https:\/\/schema.org","@graph":[{"@type":"Article","@id":"https:\/\/amazonclimatehub.org\/?p=33030#article","isPartOf":{"@id":"https:\/\/amazonclimatehub.org\/?p=33030"},"author":{"name":"Yamini Benites","@id":"https:\/\/amazonclimatehub.org\/#\/schema\/person\/eb35213e21280a4bc770c3b70f4c38aa"},"headline":"Um legado de cores: A Inclus\u00e3o Hist\u00f3rica de Vozes Comunit\u00e1rias na COP30 e a Reconstru\u00e7\u00e3o do Clima Global","datePublished":"2025-11-18T16:07:25+00:00","dateModified":"2025-11-21T16:09:11+00:00","mainEntityOfPage":{"@id":"https:\/\/amazonclimatehub.org\/?p=33030"},"wordCount":725,"commentCount":0,"publisher":{"@id":"https:\/\/amazonclimatehub.org\/#organization"},"image":{"@id":"https:\/\/amazonclimatehub.org\/?p=33030#primaryimage"},"thumbnailUrl":"https:\/\/amazonclimatehub.org\/wp-content\/uploads\/2025\/11\/8353E5D2-D2CC-4D2D-89C1-3DD633203CA1-76645-00001807C523D672-scaled.jpg","articleSection":["COP30"],"inLanguage":"pt-BR","potentialAction":[{"@type":"CommentAction","name":"Comment","target":["https:\/\/amazonclimatehub.org\/?p=33030#respond"]}]},{"@type":"WebPage","@id":"https:\/\/amazonclimatehub.org\/?p=33030","url":"https:\/\/amazonclimatehub.org\/?p=33030","name":"Um legado de cores: A Inclus\u00e3o Hist\u00f3rica de Vozes Comunit\u00e1rias na COP30 e a Reconstru\u00e7\u00e3o do Clima Global - Amazon Climate Hub","isPartOf":{"@id":"https:\/\/amazonclimatehub.org\/#website"},"primaryImageOfPage":{"@id":"https:\/\/amazonclimatehub.org\/?p=33030#primaryimage"},"image":{"@id":"https:\/\/amazonclimatehub.org\/?p=33030#primaryimage"},"thumbnailUrl":"https:\/\/amazonclimatehub.org\/wp-content\/uploads\/2025\/11\/8353E5D2-D2CC-4D2D-89C1-3DD633203CA1-76645-00001807C523D672-scaled.jpg","datePublished":"2025-11-18T16:07:25+00:00","dateModified":"2025-11-21T16:09:11+00:00","breadcrumb":{"@id":"https:\/\/amazonclimatehub.org\/?p=33030#breadcrumb"},"inLanguage":"pt-BR","potentialAction":[{"@type":"ReadAction","target":["https:\/\/amazonclimatehub.org\/?p=33030"]}]},{"@type":"ImageObject","inLanguage":"pt-BR","@id":"https:\/\/amazonclimatehub.org\/?p=33030#primaryimage","url":"https:\/\/amazonclimatehub.org\/wp-content\/uploads\/2025\/11\/8353E5D2-D2CC-4D2D-89C1-3DD633203CA1-76645-00001807C523D672-scaled.jpg","contentUrl":"https:\/\/amazonclimatehub.org\/wp-content\/uploads\/2025\/11\/8353E5D2-D2CC-4D2D-89C1-3DD633203CA1-76645-00001807C523D672-scaled.jpg","width":2560,"height":1707},{"@type":"BreadcrumbList","@id":"https:\/\/amazonclimatehub.org\/?p=33030#breadcrumb","itemListElement":[{"@type":"ListItem","position":1,"name":"In\u00edcio","item":"https:\/\/amazonclimatehub.org\/"},{"@type":"ListItem","position":2,"name":"Um legado de cores: A Inclus\u00e3o Hist\u00f3rica de Vozes Comunit\u00e1rias na COP30 e a Reconstru\u00e7\u00e3o do Clima Global"}]},{"@type":"WebSite","@id":"https:\/\/amazonclimatehub.org\/#website","url":"https:\/\/amazonclimatehub.org\/","name":"Amazon Climate Hub","description":"A Casa da ARAYARA na COP30","publisher":{"@id":"https:\/\/amazonclimatehub.org\/#organization"},"potentialAction":[{"@type":"SearchAction","target":{"@type":"EntryPoint","urlTemplate":"https:\/\/amazonclimatehub.org\/?s={search_term_string}"},"query-input":{"@type":"PropertyValueSpecification","valueRequired":true,"valueName":"search_term_string"}}],"inLanguage":"pt-BR"},{"@type":"Organization","@id":"https:\/\/amazonclimatehub.org\/#organization","name":"ARAYARA","url":"https:\/\/amazonclimatehub.org\/","logo":{"@type":"ImageObject","inLanguage":"pt-BR","@id":"https:\/\/amazonclimatehub.org\/#\/schema\/logo\/image\/","url":"https:\/\/amazonclimatehub.org\/wp-content\/uploads\/2025\/08\/Logo-ARAYARA-AMAZON-CLIMATE-HUB-seo@150x-100-scaled.jpg","contentUrl":"https:\/\/amazonclimatehub.org\/wp-content\/uploads\/2025\/08\/Logo-ARAYARA-AMAZON-CLIMATE-HUB-seo@150x-100-scaled.jpg","width":2560,"height":1440,"caption":"ARAYARA"},"image":{"@id":"https:\/\/amazonclimatehub.org\/#\/schema\/logo\/image\/"},"sameAs":["https:\/\/www.facebook.com\/arayaraoficial","https:\/\/x.com\/arayaraoficial","https:\/\/www.instagram.com\/arayaraoficial\/","https:\/\/www.youtube.com\/@ArayaraOficial","https:\/\/www.linkedin.com\/company\/instituto-internacional-arayara\/"]},{"@type":"Person","@id":"https:\/\/amazonclimatehub.org\/#\/schema\/person\/eb35213e21280a4bc770c3b70f4c38aa","name":"Yamini Benites","image":{"@type":"ImageObject","inLanguage":"pt-BR","@id":"https:\/\/amazonclimatehub.org\/#\/schema\/person\/image\/","url":"https:\/\/secure.gravatar.com\/avatar\/45cca1332e91bb8dd8b6636afa3a36e42252cbf759440fb8843c7c17a5b2af93?s=96&d=mm&r=g","contentUrl":"https:\/\/secure.gravatar.com\/avatar\/45cca1332e91bb8dd8b6636afa3a36e42252cbf759440fb8843c7c17a5b2af93?s=96&d=mm&r=g","caption":"Yamini Benites"},"url":"https:\/\/amazonclimatehub.org\/?author=9"}]}},"_links":{"self":[{"href":"https:\/\/amazonclimatehub.org\/index.php?rest_route=\/wp\/v2\/posts\/33030","targetHints":{"allow":["GET"]}}],"collection":[{"href":"https:\/\/amazonclimatehub.org\/index.php?rest_route=\/wp\/v2\/posts"}],"about":[{"href":"https:\/\/amazonclimatehub.org\/index.php?rest_route=\/wp\/v2\/types\/post"}],"author":[{"embeddable":true,"href":"https:\/\/amazonclimatehub.org\/index.php?rest_route=\/wp\/v2\/users\/9"}],"replies":[{"embeddable":true,"href":"https:\/\/amazonclimatehub.org\/index.php?rest_route=%2Fwp%2Fv2%2Fcomments&post=33030"}],"version-history":[{"count":1,"href":"https:\/\/amazonclimatehub.org\/index.php?rest_route=\/wp\/v2\/posts\/33030\/revisions"}],"predecessor-version":[{"id":33032,"href":"https:\/\/amazonclimatehub.org\/index.php?rest_route=\/wp\/v2\/posts\/33030\/revisions\/33032"}],"wp:featuredmedia":[{"embeddable":true,"href":"https:\/\/amazonclimatehub.org\/index.php?rest_route=\/wp\/v2\/media\/33031"}],"wp:attachment":[{"href":"https:\/\/amazonclimatehub.org\/index.php?rest_route=%2Fwp%2Fv2%2Fmedia&parent=33030"}],"wp:term":[{"taxonomy":"category","embeddable":true,"href":"https:\/\/amazonclimatehub.org\/index.php?rest_route=%2Fwp%2Fv2%2Fcategories&post=33030"},{"taxonomy":"post_tag","embeddable":true,"href":"https:\/\/amazonclimatehub.org\/index.php?rest_route=%2Fwp%2Fv2%2Ftags&post=33030"}],"curies":[{"name":"wp","href":"https:\/\/api.w.org\/{rel}","templated":true}]}}